{"id":60,"date":"2024-07-12T18:35:55","date_gmt":"2024-07-12T18:35:55","guid":{"rendered":"https:\/\/contexto.inf.br\/?p=60"},"modified":"2024-07-12T18:35:55","modified_gmt":"2024-07-12T18:35:55","slug":"estudantes-do-ceep-cianorte-recebem-premio-estadual","status":"publish","type":"post","link":"https:\/\/contexto.inf.br\/?p=60","title":{"rendered":"Estudantes do CEEP Cianorte recebem Pr\u00eamio Estadual"},"content":{"rendered":"<div class=\"wp-block-image\">\n<figure class=\"alignleft size-full\"><img loading=\"lazy\" decoding=\"async\" width=\"233\" height=\"233\" src=\"https:\/\/contexto.inf.br\/wp-content\/uploads\/2024\/07\/image-10.png\" alt=\"\" class=\"wp-image-61\" srcset=\"https:\/\/contexto.inf.br\/wp-content\/uploads\/2024\/07\/image-10.png 233w, https:\/\/contexto.inf.br\/wp-content\/uploads\/2024\/07\/image-10-150x150.png 150w\" sizes=\"auto, (max-width: 233px) 100vw, 233px\" \/><\/figure>\n<\/div>\n\n\n<p>29 de nov. de 2021 <\/p>\n\n\n\n<p id=\"viewer-9s6d2\">Projeto Voc\u00ea e o Voto do TRE &#8211; PR realizou cerim\u00f4nia de premia\u00e7\u00e3o nesta segunda (29\/11). De 3 (tr\u00eas) v\u00eddeos premiados, 2 s\u00e3o do CEEP Cianorte!<\/p>\n\n\n\n<p id=\"viewer-c2ctl\">Foram Premiados os v\u00eddeos <strong><u>&#8220;As Fakenews no Per\u00edodo Eleitoral&#8221;<\/u><\/strong>, das Estudantes do Centro de Educa\u00e7\u00e3o Profissional Cianorte (CEEP \u2013 Cianorte) Gabrielle Padilha da Costa, Lorena Dias Bastos e Maria Vit\u00f3ria Belino Morais; e <strong><u>&#8220;Desconstruindo mentiras Sobre a Urna Eletr\u00f4nica&#8221;<\/u><\/strong>, de Kau\u00e3 Petrick Cl\u00e1udio, tamb\u00e9m aluno do CEEP &#8211; Cianorte, todos do curso T\u00e9cnico em Vestu\u00e1rio Integrado ao Ensine M\u00e9dio.<\/p>\n\n\n\n<p id=\"viewer-dr8h5\">Criado em 2020 em meio \u00e0s restri\u00e7\u00f5es impostas pela pandemia, o Projeto Voc\u00ea e o Voto <a href=\"https:\/\/www.bisbilhoteiro.com.br\/colunas\/hashtags\/MeContaA%C3%AD\">#MeContaA\u00ed<\/a> busca fazer os jovens refletir e debater sobre conceitos como democracia, cidadania, organiza\u00e7\u00e3o dos Poderes da Rep\u00fablica, voto e elei\u00e7\u00f5es. O concurso de v\u00eddeos, conforme previs\u00e3o do Edital, premiou os v\u00eddeos, com dura\u00e7\u00e3o entre 1 e 3 minutos, que apresentaram a melhor representa\u00e7\u00e3o dos conceitos de democracia, elei\u00e7\u00f5es e cidadania.<\/p>\n\n\n\n<p id=\"viewer-6565o\"><a target=\"_blank\" href=\"https:\/\/www.youtube.com\/watch?v=TxjwCWQGSDw\" rel=\"noreferrer noopener\"><strong><u>&#8220;Desconstruindo Mentiras Sobre a Urna Eletr\u00f4nica&#8221;<\/u><\/strong><\/a><\/p>\n\n\n\n<p id=\"viewer-ee737\">V\u00eddeo Premiado de Kau\u00e3 Petrick Cl\u00e1udio &#8211; CEEP Cianorte<\/p>\n\n\n\n<figure class=\"wp-block-embed is-type-video is-provider-youtube wp-block-embed-youtube wp-embed-aspect-16-9 wp-has-aspect-ratio\"><div class=\"wp-block-embed__wrapper\">\n<iframe loading=\"lazy\" title=\"Voc\u00ea e o VOTO #mecontaa\u00ed: Desconstruindo mentiras sobre a urna eletr\u00f4nica\" width=\"500\" height=\"281\" src=\"https:\/\/www.youtube.com\/embed\/TxjwCWQGSDw?feature=oembed\" frameborder=\"0\" allow=\"accelerometer; autoplay; clipboard-write; encrypted-media; gyroscope; picture-in-picture; web-share\" referrerpolicy=\"strict-origin-when-cross-origin\" allowfullscreen><\/iframe>\n<\/div><\/figure>\n\n\n\n<p id=\"viewer-dgnun\"><strong><u>&#8220;As Fakenews no Per\u00edodo Eleitoral&#8221;<\/u><\/strong><\/p>\n\n\n\n<p id=\"viewer-dgnun\">V\u00eddeo Premiado: Gabrielle Padilha da Costa, Lorena Dias Bastos e Maria Vit\u00f3ria Belino Morais<\/p>\n\n\n\n<figure class=\"wp-block-embed is-type-video is-provider-youtube wp-block-embed-youtube wp-embed-aspect-16-9 wp-has-aspect-ratio\"><div class=\"wp-block-embed__wrapper\">\n<iframe loading=\"lazy\" title=\"Voc\u00ea e o VOTO #mecontaa\u00ed: As fakenews no per\u00edodo eleitoral\" width=\"500\" height=\"281\" src=\"https:\/\/www.youtube.com\/embed\/OYOfp3l6xOo?feature=oembed\" frameborder=\"0\" allow=\"accelerometer; autoplay; clipboard-write; encrypted-media; gyroscope; picture-in-picture; web-share\" referrerpolicy=\"strict-origin-when-cross-origin\" allowfullscreen><\/iframe>\n<\/div><\/figure>\n\n\n\n<p id=\"viewer-abe1m\"><strong>Parab\u00e9ns Estudantes do CEEP Cianorte! Orgulho de Voc\u00eas!<\/strong><\/p>\n\n\n\n<p id=\"viewer-97ued\">CEEP Cianorte \u00e9 Escola P\u00fablica, Profissionalizante e de Excel\u00eancia! Vale a pena conhecer! <\/p>\n\n\n\n<p id=\"viewer-97ued\">@profsta <a href=\"https:\/\/www.bisbilhoteiro.com.br\/colunas\/hashtags\/profsta\">#profsta<\/a> @contexto.inf<\/p>\n\n\n\n<p><\/p>\n","protected":false},"excerpt":{"rendered":"<div class=\"mh-excerpt\"><p> <a class=\"mh-excerpt-more\" href=\"https:\/\/contexto.inf.br\/?p=60\" title=\"Estudantes do CEEP Cianorte recebem Pr\u00eamio Estadual\"><\/a><\/p>\n<\/div>","protected":false},"author":2,"featured_media":61,"comment_status":"open","ping_status":"open","sticky":false,"template":"","format":"standard","meta":{"footnotes":""},"categories":[2,8,5],"tags":[],"class_list":{"0":"post-60","1":"post","2":"type-post","3":"status-publish","4":"format-standard","5":"has-post-thumbnail","7":"category-cianorte","8":"category-educacao","9":"category-politica"},"_links":{"self":[{"href":"https:\/\/contexto.inf.br\/index.php?rest_route=\/wp\/v2\/posts\/60","targetHints":{"allow":["GET"]}}],"collection":[{"href":"https:\/\/contexto.inf.br\/index.php?rest_route=\/wp\/v2\/posts"}],"about":[{"href":"https:\/\/contexto.inf.br\/index.php?rest_route=\/wp\/v2\/types\/post"}],"author":[{"embeddable":true,"href":"https:\/\/contexto.inf.br\/index.php?rest_route=\/wp\/v2\/users\/2"}],"replies":[{"embeddable":true,"href":"https:\/\/contexto.inf.br\/index.php?rest_route=%2Fwp%2Fv2%2Fcomments&post=60"}],"version-history":[{"count":1,"href":"https:\/\/contexto.inf.br\/index.php?rest_route=\/wp\/v2\/posts\/60\/revisions"}],"predecessor-version":[{"id":62,"href":"https:\/\/contexto.inf.br\/index.php?rest_route=\/wp\/v2\/posts\/60\/revisions\/62"}],"wp:featuredmedia":[{"embeddable":true,"href":"https:\/\/contexto.inf.br\/index.php?rest_route=\/wp\/v2\/media\/61"}],"wp:attachment":[{"href":"https:\/\/contexto.inf.br\/index.php?rest_route=%2Fwp%2Fv2%2Fmedia&parent=60"}],"wp:term":[{"taxonomy":"category","embeddable":true,"href":"https:\/\/contexto.inf.br\/index.php?rest_route=%2Fwp%2Fv2%2Fcategories&post=60"},{"taxonomy":"post_tag","embeddable":true,"href":"https:\/\/contexto.inf.br\/index.php?rest_route=%2Fwp%2Fv2%2Ftags&post=60"}],"curies":[{"name":"wp","href":"https:\/\/api.w.org\/{rel}","templated":true}]}}