{"id":612,"date":"2024-07-16T20:12:37","date_gmt":"2024-07-16T23:12:37","guid":{"rendered":"https:\/\/contexto.inf.br\/?p=612"},"modified":"2024-07-16T20:12:38","modified_gmt":"2024-07-16T23:12:38","slug":"mais-de-15-criancas-vitimas-de-estupro-em-cianorte-so-em-2022","status":"publish","type":"post","link":"https:\/\/contexto.inf.br\/?p=612","title":{"rendered":"Mais de 15 Crian\u00e7as V\u00edtimas de Estupro em Cianorte s\u00f3 em 2022"},"content":{"rendered":"<div class=\"wp-block-image\">\n<figure class=\"alignleft size-full is-resized\"><img loading=\"lazy\" decoding=\"async\" width=\"233\" height=\"133\" src=\"https:\/\/contexto.inf.br\/wp-content\/uploads\/2024\/07\/image-175.png\" alt=\"\" class=\"wp-image-613\" style=\"width:324px;height:auto\"\/><\/figure>\n<\/div>\n\n\n<p>12 de out. de 2022 &#8211; O assunto d\u00f3i, incomoda, \u00e9 dif\u00edcil, espinhento, arranha a alma&#8230; Mas o sil\u00eancio s\u00f3 ajuda quem pratica a viol\u00eancia, s\u00f3 protege o abusador, o estuprador&#8230; Precisamos falar sobre isso. \u00c9 assunto de todos!<\/p>\n\n\n\n<p id=\"viewer-5ouvl\">1- Tr\u00eas em cada 4 casos (75%) de viol\u00eancia sexual s\u00e3o contra menores de 18 anos;<\/p>\n\n\n\n<p id=\"viewer-3r25o\">2- Brasil \u00e9 2\u00ba lugar em ranking mundial de explora\u00e7\u00e3o sexual de crian\u00e7as e adolescentes atr\u00e1s apenas a Tail\u00e2ndia;<\/p>\n\n\n\n<p id=\"viewer-927si\">3- S\u00e3o 520 mil v\u00edtimas de viol\u00eancia sexual por ano, segundo o Instituto Liberta. A cada 24 horas s\u00e3o 320 crian\u00e7as e adolescentes s\u00e3o explorados sexualmente no Brasil. Mais de 13 crian\u00e7as por hora;<\/p>\n\n\n\n<p id=\"viewer-4r7ao\">4 &#8211; 75% das v\u00edtimas s\u00e3o Meninas&#8230; Estimativas afirmam que apenas 7% s\u00e3o denunciados, muitas vezes para proteger familiares do esc\u00e2ndalo ou da cadeia;<\/p>\n\n\n\n<p id=\"viewer-fgl5m\">5- De acordo com o F\u00f3rum Brasileiro de Seguran\u00e7a P\u00fablica 76,5% das viol\u00eancias sexuais infantis s\u00e3o dentro de casas, 82,5% por conhecidos das v\u00edtimas e 78% envolvem parentes (pais, padrastos, irm\u00e3os, primos e outros parentes);<\/p>\n\n\n\n<p id=\"viewer-9ncl5\">6- Associa\u00e7\u00e3o Nacional de Ginecologia e Obstetr\u00edcia indica que foram <strong>21520 Meninas Menores de 14 anos<\/strong> que engravidaram em 2019 o que indica mais de 2 meninas estupradas e engravidadas a cada hora no Brasil&#8230;<\/p>\n\n\n\n<p id=\"viewer-5iu13\">Diante da tamanha seriedade, pesquisamos os casos oficiais, registrados em Cianorte noroeste do Paran\u00e1. S\u00e3o 15 casos registrados s\u00f3 em 2022, mais de 1 por m\u00eas. Algumas fontes nos indicam 42 casos conhecidos, mas nem todos tiveram coragem de denunciar por medo de repres\u00e1lias e justamente por envolver &#8220;familiares&#8221; (releia o item 4)&#8230;<\/p>\n\n\n\n<p id=\"viewer-f78u3\">Os dados s\u00e3o oficiais do Estado do Paran\u00e1 e podem ser confirmados por este &gt; <a target=\"_blank\" href=\"https:\/\/bi2.pr.gov.br\/single\/?appid=058d7d0b-7d95-4ada-b6dd-81f50b47e814&amp;sheet=f8a1f5f6-7a01-4513-9c8f-cccc4ebb4754&amp;opt=ctxmenu\" rel=\"noreferrer noopener\"><strong><u>link<\/u><\/strong><\/a> &lt;. Escolha o ano a esquerda, Estupro de Vulner\u00e1vel a direita (natureza) e o munic\u00edpio de Cianorte no centro&#8230;<\/p>\n\n\n\n<p id=\"viewer-93jej\"><strong>Como Proteger Nossas Crian\u00e7as? Sil\u00eancio?<\/strong><\/p>\n\n\n\n<p class=\"has-text-align-center\" id=\"viewer-fdj2t\"><strong><a href=\"http:\/\/contexto.inf.br\">@profsta #profsta @contexto.inf<\/a><\/strong><\/p>\n\n\n<div class=\"wp-block-image\">\n<figure class=\"aligncenter\"><img decoding=\"async\" src=\"https:\/\/static.wixstatic.com\/media\/84fe8b_e70219b94f0d48ebb360c6a4b5841bf8~mv2.jpg\/v1\/fill\/w_493,h_191,al_c,q_80,usm_0.66_1.00_0.01,enc_auto\/84fe8b_e70219b94f0d48ebb360c6a4b5841bf8~mv2.jpg\" alt=\"\"\/><\/figure>\n<\/div>\n\n\n<p class=\"has-text-align-right\"><mark style=\"background-color:rgba(0, 0, 0, 0)\" class=\"has-inline-color has-cyan-bluish-gray-color\"><a href=\"https:\/\/bi2.pr.gov.br\/single\/?appid=058d7d0b-7d95-4ada-b6dd-81f50b47e814&amp;sheet=f8a1f5f6-7a01-4513-9c8f-cccc4ebb4754&amp;opt=ctxmenu\" target=\"_blank\" rel=\"noreferrer noopener\"><u>Tabela<\/u><\/a> N\u00bas <a href=\"https:\/\/www.instagram.com\/reel\/CjlqOM5vocA\/?id=2946947225063687936_14739424&amp;fbclid=IwAR2tukWmgaj8MU-FZxS7NxarKZHPXFrp7rW_6fPg9CzdaT4WkjvN0eu6MGo\" target=\"_blank\" rel=\"noreferrer noopener\"><u>G. Prioli<\/u><\/a><\/mark><\/p>\n","protected":false},"excerpt":{"rendered":"<div class=\"mh-excerpt\"><p> <a class=\"mh-excerpt-more\" href=\"https:\/\/contexto.inf.br\/?p=612\" title=\"Mais de 15 Crian\u00e7as V\u00edtimas de Estupro em Cianorte s\u00f3 em 2022\"><\/a><\/p>\n<\/div>","protected":false},"author":2,"featured_media":613,"comment_status":"open","ping_status":"open","sticky":false,"template":"","format":"standard","meta":{"footnotes":""},"categories":[2,18,6,15,5,26,17,31,32],"tags":[],"class_list":{"0":"post-612","1":"post","2":"type-post","3":"status-publish","4":"format-standard","5":"has-post-thumbnail","7":"category-cianorte","8":"category-demografia","9":"category-direitos-sociais","10":"category-justica","11":"category-politica","12":"category-promocao-social","13":"category-seguranca","14":"category-_destaque","15":"category-_em-foco"},"_links":{"self":[{"href":"https:\/\/contexto.inf.br\/index.php?rest_route=\/wp\/v2\/posts\/612","targetHints":{"allow":["GET"]}}],"collection":[{"href":"https:\/\/contexto.inf.br\/index.php?rest_route=\/wp\/v2\/posts"}],"about":[{"href":"https:\/\/contexto.inf.br\/index.php?rest_route=\/wp\/v2\/types\/post"}],"author":[{"embeddable":true,"href":"https:\/\/contexto.inf.br\/index.php?rest_route=\/wp\/v2\/users\/2"}],"replies":[{"embeddable":true,"href":"https:\/\/contexto.inf.br\/index.php?rest_route=%2Fwp%2Fv2%2Fcomments&post=612"}],"version-history":[{"count":1,"href":"https:\/\/contexto.inf.br\/index.php?rest_route=\/wp\/v2\/posts\/612\/revisions"}],"predecessor-version":[{"id":614,"href":"https:\/\/contexto.inf.br\/index.php?rest_route=\/wp\/v2\/posts\/612\/revisions\/614"}],"wp:featuredmedia":[{"embeddable":true,"href":"https:\/\/contexto.inf.br\/index.php?rest_route=\/wp\/v2\/media\/613"}],"wp:attachment":[{"href":"https:\/\/contexto.inf.br\/index.php?rest_route=%2Fwp%2Fv2%2Fmedia&parent=612"}],"wp:term":[{"taxonomy":"category","embeddable":true,"href":"https:\/\/contexto.inf.br\/index.php?rest_route=%2Fwp%2Fv2%2Fcategories&post=612"},{"taxonomy":"post_tag","embeddable":true,"href":"https:\/\/contexto.inf.br\/index.php?rest_route=%2Fwp%2Fv2%2Ftags&post=612"}],"curies":[{"name":"wp","href":"https:\/\/api.w.org\/{rel}","templated":true}]}}