{"id":633,"date":"2024-07-16T20:31:05","date_gmt":"2024-07-16T23:31:05","guid":{"rendered":"https:\/\/contexto.inf.br\/?p=633"},"modified":"2024-07-16T20:31:44","modified_gmt":"2024-07-16T23:31:44","slug":"assedio-eleitoral-como-identificar","status":"publish","type":"post","link":"https:\/\/contexto.inf.br\/?p=633","title":{"rendered":"Ass\u00e9dio Eleitoral &#8211; Como Identificar?"},"content":{"rendered":"<div class=\"wp-block-image\">\n<figure class=\"alignleft size-full is-resized\"><img loading=\"lazy\" decoding=\"async\" width=\"233\" height=\"233\" src=\"https:\/\/contexto.inf.br\/wp-content\/uploads\/2024\/07\/image-182.png\" alt=\"\" class=\"wp-image-634\" style=\"width:324px;height:auto\" srcset=\"https:\/\/contexto.inf.br\/wp-content\/uploads\/2024\/07\/image-182.png 233w, https:\/\/contexto.inf.br\/wp-content\/uploads\/2024\/07\/image-182-150x150.png 150w\" sizes=\"auto, (max-width: 233px) 100vw, 233px\" \/><\/figure>\n<\/div>\n\n\n<p class=\"wp-block-paragraph\">21 de out. de 2022 &#8211; As elei\u00e7\u00f5es para cargos do Poder Executivo e do Poder Legislativo s\u00e3o um dos pilares do regime democr\u00e1tico brasileiro.<\/p>\n\n\n\n<p class=\"wp-block-paragraph\" id=\"viewer-6nr91\">Uma vez que a Constitui\u00e7\u00e3o Federal determina que todo poder emana do povo, cabe \u00e0 popula\u00e7\u00e3o em idade para votar escolher seus representantes. Para que a democracia representativa seja de fato exercida, por\u00e9m, \u00e9 preciso que as pessoas possam ter total liberdade na escolha de seus representantes.<\/p>\n\n\n\n<p class=\"wp-block-paragraph\" id=\"viewer-ekpn7\">Qualquer pr\u00e1tica que interfira na liberdade de escolha nas elei\u00e7\u00f5es e pretenda induzir algu\u00e9m \u00e0 escolha de determinado candidato \u00e9 considerada ass\u00e9dio eleitoral e proibida. Assim, formas de coa\u00e7\u00e3o por parte do empregador para que o empregado vote ou n\u00e3o vote em determinado candidato \u00e9 ilegal.<\/p>\n\n\n\n<p class=\"wp-block-paragraph\" id=\"viewer-75e4d\">No ambiente de trabalho o ass\u00e9dio eleitoral pode ocorrer de diversas maneiras. Uma delas \u00e9 mediante alguma forma de coa\u00e7\u00e3o praticada pelo empregador contra seus empregados.<\/p>\n\n\n\n<p class=\"wp-block-paragraph\" id=\"viewer-2jon6\">Nesses casos, a empresa promove amea\u00e7as aos trabalhadores que podem consistir, por exemplo, em demiss\u00f5es a quem votar em determinado candidato, a quem declarar apoio a ele ou simplesmente se ele ganhar as elei\u00e7\u00f5es.<\/p>\n\n\n\n<p class=\"wp-block-paragraph\" id=\"viewer-fu3u9\">Esse tipo de ass\u00e9dio, tamb\u00e9m, pode ocorrer n\u00e3o mediante amea\u00e7as, mas por meio de incentivos propostos ao empregado.<\/p>\n\n\n\n<p class=\"wp-block-paragraph\" id=\"viewer-5a8i6\">Assim, por exemplo, pode ser oferecido um valor adicional ao sal\u00e1rio ou o pagamento de 14\u00ba sal\u00e1rio caso determinado candidato ven\u00e7a as elei\u00e7\u00f5es, se outro as perder, se o trabalhador votar em algu\u00e9m espec\u00edfico ou, ainda, se ele deixar de votar em outro.<\/p>\n\n\n\n<p class=\"wp-block-paragraph\" id=\"viewer-1o7d7\">Qualquer uma dessas situa\u00e7\u00f5es \u00e9 ilegal e deve ser fortemente reprimida uma vez que amea\u00e7a o regime democr\u00e1tico.<\/p>\n\n\n\n<p class=\"wp-block-paragraph\" id=\"viewer-7u468\">Por isso, \u00e9 importante que todo ass\u00e9dio eleitoral no ambiente de trabalho seja denunciado ao Minist\u00e9rio P\u00fablico do Trabalho, que ir\u00e1 investigar o fato denunciado e poder\u00e1 propor a\u00e7\u00e3o judicial contra o empregador com vistas a obrig\u00e1-lo a cessar o ass\u00e9dio e ao pagamento e uma indeniza\u00e7\u00e3o por dano moral coletivo.<\/p>\n\n\n\n<p class=\"wp-block-paragraph\" id=\"viewer-8ea7p\">Para denunciar, \u00e9 preciso acessar o site do <a target=\"_blank\" href=\"https:\/\/mpt.mp.br\/\" rel=\"noreferrer noopener\"><u>Minist\u00e9rio P\u00fablico do Trabalho<\/u><\/a> e clicar na aba &#8220;Denuncie&#8221;. Ou, pelo aplicativo &#8220;Pardal&#8221;, dispon\u00edvel para Android e iOS. A den\u00fancia pode ser an\u00f4nima ou sigilosa.<\/p>\n\n\n\n<p class=\"has-text-align-center wp-block-paragraph\"><strong><a href=\"http:\/\/contexto.inf.br\">@profsta #profsta @contexto.inf<\/a><\/strong><\/p>\n","protected":false},"excerpt":{"rendered":"<div class=\"mh-excerpt\"><p> <a class=\"mh-excerpt-more\" href=\"https:\/\/contexto.inf.br\/?p=633\" title=\"Ass\u00e9dio Eleitoral &#8211; Como Identificar?\"><\/a><\/p>\n<\/div>","protected":false},"author":2,"featured_media":634,"comment_status":"open","ping_status":"open","sticky":false,"template":"","format":"standard","meta":{"footnotes":""},"categories":[4,18,6,34,23,15,5,31,32],"tags":[],"class_list":["post-633","post","type-post","status-publish","format-standard","has-post-thumbnail","category-brasil","category-demografia","category-direitos-sociais","category-diversidade","category-emprego-trabalho","category-justica","category-politica","category-_destaque","category-_em-foco"],"_links":{"self":[{"href":"https:\/\/contexto.inf.br\/index.php?rest_route=\/wp\/v2\/posts\/633","targetHints":{"allow":["GET"]}}],"collection":[{"href":"https:\/\/contexto.inf.br\/index.php?rest_route=\/wp\/v2\/posts"}],"about":[{"href":"https:\/\/contexto.inf.br\/index.php?rest_route=\/wp\/v2\/types\/post"}],"author":[{"embeddable":true,"href":"https:\/\/contexto.inf.br\/index.php?rest_route=\/wp\/v2\/users\/2"}],"replies":[{"embeddable":true,"href":"https:\/\/contexto.inf.br\/index.php?rest_route=%2Fwp%2Fv2%2Fcomments&post=633"}],"version-history":[{"count":1,"href":"https:\/\/contexto.inf.br\/index.php?rest_route=\/wp\/v2\/posts\/633\/revisions"}],"predecessor-version":[{"id":635,"href":"https:\/\/contexto.inf.br\/index.php?rest_route=\/wp\/v2\/posts\/633\/revisions\/635"}],"wp:featuredmedia":[{"embeddable":true,"href":"https:\/\/contexto.inf.br\/index.php?rest_route=\/wp\/v2\/media\/634"}],"wp:attachment":[{"href":"https:\/\/contexto.inf.br\/index.php?rest_route=%2Fwp%2Fv2%2Fmedia&parent=633"}],"wp:term":[{"taxonomy":"category","embeddable":true,"href":"https:\/\/contexto.inf.br\/index.php?rest_route=%2Fwp%2Fv2%2Fcategories&post=633"},{"taxonomy":"post_tag","embeddable":true,"href":"https:\/\/contexto.inf.br\/index.php?rest_route=%2Fwp%2Fv2%2Ftags&post=633"}],"curies":[{"name":"wp","href":"https:\/\/api.w.org\/{rel}","templated":true}]}}