{"id":637,"date":"2024-07-16T20:34:18","date_gmt":"2024-07-16T23:34:18","guid":{"rendered":"https:\/\/contexto.inf.br\/?p=637"},"modified":"2024-07-16T20:34:19","modified_gmt":"2024-07-16T23:34:19","slug":"parana-divulga-calendario-escolar-2023","status":"publish","type":"post","link":"https:\/\/contexto.inf.br\/?p=637","title":{"rendered":"Paran\u00e1 Divulga Calend\u00e1rio Escolar 2023"},"content":{"rendered":"<div class=\"wp-block-image\">\n<figure class=\"alignleft size-full is-resized\"><img loading=\"lazy\" decoding=\"async\" width=\"233\" height=\"207\" src=\"https:\/\/contexto.inf.br\/wp-content\/uploads\/2024\/07\/image-183.png\" alt=\"\" class=\"wp-image-638\" style=\"width:328px;height:auto\"\/><\/figure>\n<\/div>\n\n\n<p>24 de out. de 2022 &#8211; As aulas nas Escolas e Col\u00e9gios Estaduais do Paran\u00e1 come\u00e7am no dia 6 de fevereiro de 2023.<\/p>\n\n\n\n<p id=\"viewer-10hbt\">A Secretaria de Estado da Educa\u00e7\u00e3o publicou, no Di\u00e1rio Oficial da \u00faltima quinta-feira (20), o Calend\u00e1rio Escolar 2023.<\/p>\n\n\n\n<p id=\"viewer-e7fk4\">A previs\u00e3o traz exatos 200 dias letivos e de 30 dias para o recesso em parte final de Janeiro, parte em Julho e tamb\u00e9m Dezembro. N\u00e3o h\u00e1 s\u00e1bados letivos predeterminados no calend\u00e1rio. Por\u00e9m, feriados municipais e outras datas locais ainda precisam ser inclu\u00eddas no calend\u00e1rio, o que pode resultar em algumas altera\u00e7\u00f5es pontuais.<\/p>\n\n\n\n<p id=\"viewer-b05l5\">O calend\u00e1rio escolar da rede estadual do Paran\u00e1 \u00e9 importante para tamb\u00e9m organizar o calend\u00e1rio das Redes Municipais e redes Particulares que visam unificar datas, feriados prolongados e melhor organizar o transporte coletivo de estudantes.<\/p>\n\n\n\n<p id=\"viewer-97qu9\">Para baixar a resolu\u00e7\u00e3o original, acesse aqui: <a href=\"https:\/\/appsindicato.org.br\/wp-content\/uploads\/2022\/10\/CALENDARIO-2023.pdf\" target=\"_blank\" rel=\"noreferrer noopener\"><u>Calend\u00e1rio Escolar 2023 Paran\u00e1<\/u><\/a><\/p>\n\n\n\n<p class=\"has-text-align-center\"><strong><a href=\"http:\/\/contexto.inf.br\">@profsta #profsta @contexto.inf<\/a><\/strong><\/p>\n","protected":false},"excerpt":{"rendered":"<div class=\"mh-excerpt\"><p> <a class=\"mh-excerpt-more\" href=\"https:\/\/contexto.inf.br\/?p=637\" title=\"Paran\u00e1 Divulga Calend\u00e1rio Escolar 2023\"><\/a><\/p>\n<\/div>","protected":false},"author":2,"featured_media":638,"comment_status":"open","ping_status":"open","sticky":false,"template":"","format":"standard","meta":{"footnotes":""},"categories":[6,8,3,26,31,32],"tags":[],"class_list":{"0":"post-637","1":"post","2":"type-post","3":"status-publish","4":"format-standard","5":"has-post-thumbnail","7":"category-direitos-sociais","8":"category-educacao","9":"category-parana","10":"category-promocao-social","11":"category-_destaque","12":"category-_em-foco"},"_links":{"self":[{"href":"https:\/\/contexto.inf.br\/index.php?rest_route=\/wp\/v2\/posts\/637","targetHints":{"allow":["GET"]}}],"collection":[{"href":"https:\/\/contexto.inf.br\/index.php?rest_route=\/wp\/v2\/posts"}],"about":[{"href":"https:\/\/contexto.inf.br\/index.php?rest_route=\/wp\/v2\/types\/post"}],"author":[{"embeddable":true,"href":"https:\/\/contexto.inf.br\/index.php?rest_route=\/wp\/v2\/users\/2"}],"replies":[{"embeddable":true,"href":"https:\/\/contexto.inf.br\/index.php?rest_route=%2Fwp%2Fv2%2Fcomments&post=637"}],"version-history":[{"count":1,"href":"https:\/\/contexto.inf.br\/index.php?rest_route=\/wp\/v2\/posts\/637\/revisions"}],"predecessor-version":[{"id":639,"href":"https:\/\/contexto.inf.br\/index.php?rest_route=\/wp\/v2\/posts\/637\/revisions\/639"}],"wp:featuredmedia":[{"embeddable":true,"href":"https:\/\/contexto.inf.br\/index.php?rest_route=\/wp\/v2\/media\/638"}],"wp:attachment":[{"href":"https:\/\/contexto.inf.br\/index.php?rest_route=%2Fwp%2Fv2%2Fmedia&parent=637"}],"wp:term":[{"taxonomy":"category","embeddable":true,"href":"https:\/\/contexto.inf.br\/index.php?rest_route=%2Fwp%2Fv2%2Fcategories&post=637"},{"taxonomy":"post_tag","embeddable":true,"href":"https:\/\/contexto.inf.br\/index.php?rest_route=%2Fwp%2Fv2%2Ftags&post=637"}],"curies":[{"name":"wp","href":"https:\/\/api.w.org\/{rel}","templated":true}]}}