{"id":653,"date":"2024-07-17T11:35:15","date_gmt":"2024-07-17T14:35:15","guid":{"rendered":"https:\/\/contexto.inf.br\/?p=653"},"modified":"2024-07-17T11:35:16","modified_gmt":"2024-07-17T14:35:16","slug":"cianorte-tera-onibus-gratis-neste-domingo-de-eleicoes","status":"publish","type":"post","link":"https:\/\/contexto.inf.br\/?p=653","title":{"rendered":"Cianorte ter\u00e1 \u00d4nibus Gr\u00e1tis neste Domingo de Elei\u00e7\u00f5es"},"content":{"rendered":"<div class=\"wp-block-image\">\n<figure class=\"alignleft size-full is-resized\"><img loading=\"lazy\" decoding=\"async\" width=\"233\" height=\"114\" src=\"https:\/\/contexto.inf.br\/wp-content\/uploads\/2024\/07\/image-188.png\" alt=\"\" class=\"wp-image-654\" style=\"width:327px;height:auto\"\/><\/figure>\n<\/div>\n\n\n<p>29 de out. de 2022 &#8211; Cianorte ter\u00e1 \u00d4nibus Gr\u00e1tis neste Domingo de Elei\u00e7\u00f5es!<\/p>\n\n\n\n<p id=\"viewer-a8v9k\">A Prefeitura de Cianorte informa que ser\u00e1 disponibilizo transporte gratuito no segundo turno das elei\u00e7\u00f5es, neste domingo (30).<\/p>\n\n\n\n<p id=\"viewer-fqj4l\">A Via\u00e7\u00e3o Cianorte circular\u00e1 com hor\u00e1rio especial e \u00f4nibus escolares refor\u00e7ar\u00e3o a opera\u00e7\u00e3o em \u00e1reas espec\u00edficas. A determina\u00e7\u00e3o vale durante todo o dia, conforme cronograma. Para ter acesso \u00e0 gratuidade, o usu\u00e1rio do transporte coletivo dever\u00e1 apresentar apenas o t\u00edtulo de eleitor ou e-t\u00edtulo.<\/p>\n\n\n\n<p>&#x1f68c; HOR\u00c1RIOS VIA\u00c7\u00c3O CIANORTE Centro\/Terminal -> Vila Oper\u00e1ria 7h5 &#8211; 9h05 &#8211; 10h15 &#8211; 13h30 &#8211; 14h40 &#8211; 15h50 Vila Oper\u00e1ria -> Centro\/Terminal 8h15 &#8211; 9h25 &#8211; 10h35 &#8211; 13h50 &#8211; 15h &#8211; 16h10 Centro\/Terminal -> Vila 07 8h35 &#8211; 9h40 &#8211; 10h55 &#8211; 14h10 &#8211; 15h20 &#8211; 16h30 Vila 07 -> Centro Terminal 8h50 &#8211; 10h &#8211; 11h10 &#8211; 14h25 &#8211; 15h35 &#8211; 16h45 Centro\/Terminal -> Zona 4 7h40 &#8211; 8h45 &#8211; 9h40 &#8211; 13h40 &#8211; 15h40 &#8211; 16h40 Zona 4 -> Centro\/Terminal 8h &#8211; 9h &#8211; 10h &#8211; 14h &#8211; 16h &#8211; 17h Centro\/Terminal -> Zona 2 8h15 &#8211; 9h20 &#8211; 15h15 &#8211; 16h20 Zona 2 -> Centro\/Terminal 8h30 &#8211; 9h30 &#8211; 15h30 &#8211; 16h30 Cianorte -> Vidigal 8h15 &#8211; 10h30 &#8211; 14h15 &#8211; 16h20 Vidigal -> Cianorte 8h40 &#8211; 11h &#8211; 14h45 &#8211; 16h50 Centro\/Terminal -> Bela Vista\/Pedro Moreira 7h15 &#8211; 7h45 &#8211; 9h10 &#8211; 9h40 &#8211; 10h15 &#8211; 14h05 &#8211; 14h45 &#8211; 15h15 &#8211; 15h45 &#8211; 17h20 &#8211; 17h50 &#8211; 18h20 Bela Vista\/Pedro Moreira -> Centro\/Terminal 7h &#8211; 7h30 &#8211; 8h &#8211; 9h25 &#8211; 9h55 &#8211; 10h35 &#8211; 14h25 &#8211; 15h &#8211; 15h30 &#8211; 16h &#8211; 17h35 &#8211; 18h05 &#8211; 18h35 <\/p>\n\n\n\n<p>&#x1f68d; HOR\u00c1RIOS \u00d4NIBUS ESCOLARES \u00d4nibus 54 &#8211; S\u00e3o Louren\u00e7o (Subprefeitura) 8h &#8211; 14h \u00d4nibus 58 &#8211; Vidigal (Pra\u00e7a Altino Volpato) 8h &#8211; 14h \u00d4nibus 36 &#8211; Estrada Rodeio 8h30 &#8211; 14h \u00d4nibus 51 &#8211; Jd. Belas Artes 8h30 &#8211; 14h \u00d4nibus 56 &#8211; PR 323 sentido Umuarama 8h30 &#8211; 14h \u00d4nibus 12 &#8211; PR 323 sentido Maring\u00e1 8h30 &#8211; 14h \u00d4nibus 38 &#8211; Estrada Tropeiro Cassidori 8h30 &#8211; 14h \u00d4nibus 59 &#8211; PR 082 &#8211; S\u00e3o Tom\u00e9 8h30 &#8211; 14h \u00d4nibus 1 &#8211; PR 082 Terra Boa 8h30 &#8211; 14h<\/p>\n\n\n\n<p class=\"has-text-align-center\"><strong><a href=\"http:\/\/contexto.inf.br\">@profsta #profsta @contexto.inf<\/a><\/strong><\/p>\n","protected":false},"excerpt":{"rendered":"<div class=\"mh-excerpt\"><p> <a class=\"mh-excerpt-more\" href=\"https:\/\/contexto.inf.br\/?p=653\" title=\"Cianorte ter\u00e1 \u00d4nibus Gr\u00e1tis neste Domingo de Elei\u00e7\u00f5es\"><\/a><\/p>\n<\/div>","protected":false},"author":2,"featured_media":654,"comment_status":"open","ping_status":"open","sticky":false,"template":"","format":"standard","meta":{"footnotes":""},"categories":[2,1,6,5,36,31,32],"tags":[],"class_list":{"0":"post-653","1":"post","2":"type-post","3":"status-publish","4":"format-standard","5":"has-post-thumbnail","7":"category-cianorte","8":"category-dicas-culturais","9":"category-direitos-sociais","10":"category-politica","11":"category-transito","12":"category-_destaque","13":"category-_em-foco"},"_links":{"self":[{"href":"https:\/\/contexto.inf.br\/index.php?rest_route=\/wp\/v2\/posts\/653","targetHints":{"allow":["GET"]}}],"collection":[{"href":"https:\/\/contexto.inf.br\/index.php?rest_route=\/wp\/v2\/posts"}],"about":[{"href":"https:\/\/contexto.inf.br\/index.php?rest_route=\/wp\/v2\/types\/post"}],"author":[{"embeddable":true,"href":"https:\/\/contexto.inf.br\/index.php?rest_route=\/wp\/v2\/users\/2"}],"replies":[{"embeddable":true,"href":"https:\/\/contexto.inf.br\/index.php?rest_route=%2Fwp%2Fv2%2Fcomments&post=653"}],"version-history":[{"count":1,"href":"https:\/\/contexto.inf.br\/index.php?rest_route=\/wp\/v2\/posts\/653\/revisions"}],"predecessor-version":[{"id":655,"href":"https:\/\/contexto.inf.br\/index.php?rest_route=\/wp\/v2\/posts\/653\/revisions\/655"}],"wp:featuredmedia":[{"embeddable":true,"href":"https:\/\/contexto.inf.br\/index.php?rest_route=\/wp\/v2\/media\/654"}],"wp:attachment":[{"href":"https:\/\/contexto.inf.br\/index.php?rest_route=%2Fwp%2Fv2%2Fmedia&parent=653"}],"wp:term":[{"taxonomy":"category","embeddable":true,"href":"https:\/\/contexto.inf.br\/index.php?rest_route=%2Fwp%2Fv2%2Fcategories&post=653"},{"taxonomy":"post_tag","embeddable":true,"href":"https:\/\/contexto.inf.br\/index.php?rest_route=%2Fwp%2Fv2%2Ftags&post=653"}],"curies":[{"name":"wp","href":"https:\/\/api.w.org\/{rel}","templated":true}]}}