{"id":665,"date":"2024-07-17T11:46:01","date_gmt":"2024-07-17T14:46:01","guid":{"rendered":"https:\/\/contexto.inf.br\/?p=665"},"modified":"2024-07-17T11:46:02","modified_gmt":"2024-07-17T14:46:02","slug":"parana-tem-todas-as-rodovias-desbloqueadas","status":"publish","type":"post","link":"https:\/\/contexto.inf.br\/?p=665","title":{"rendered":"Paran\u00e1 tem todas as Rodovias Desbloqueadas"},"content":{"rendered":"<div class=\"wp-block-image\">\n<figure class=\"alignleft size-full is-resized\"><img loading=\"lazy\" decoding=\"async\" width=\"233\" height=\"402\" src=\"https:\/\/contexto.inf.br\/wp-content\/uploads\/2024\/07\/image-192.png\" alt=\"\" class=\"wp-image-666\" style=\"width:319px;height:auto\" srcset=\"https:\/\/contexto.inf.br\/wp-content\/uploads\/2024\/07\/image-192.png 233w, https:\/\/contexto.inf.br\/wp-content\/uploads\/2024\/07\/image-192-174x300.png 174w\" sizes=\"auto, (max-width: 233px) 100vw, 233px\" \/><\/figure>\n<\/div>\n\n\n<p>5 de nov. de 2022 &#8211; Passados quatro dias do in\u00edcio dos protestos ilegais que levaram ao bloqueio de rodovias federais e estaduais em todo o Brasil, o Paran\u00e1 j\u00e1 n\u00e3o tem mais vias total ou parcialmente ocupadas por manifestantes na noite desta quinta-feira (3).<\/p>\n\n\n\n<p id=\"viewer-ccrci\">A libera\u00e7\u00e3o se deu menos de 24 horas depois de o presidente Jair Bolsonaro (PL) ter pessoalmente pedido, na noite de quarta-feira (2) para que as manifesta\u00e7\u00f5es nas rodovias fossem desmobilizadas.<\/p>\n\n\n\n<p id=\"viewer-u1ap\">O \u00faltimo ponto de reten\u00e7\u00e3o foi visto na BR-376, no km 645, sentido Santa Catarina, em Tijucas do Sul, e se referia a uma reten\u00e7\u00e3o preventiva, segundo a corpora\u00e7\u00e3o, para evitar acidentes na serra, por conta de bloqueios em Garuva, em Santa Catarina, que foram debelados ao fim da tarde.<\/p>\n\n\n\n<p id=\"viewer-cjide\">Durante a a\u00e7\u00e3o da Pol\u00edcia Militar do Paran\u00e1, 216 boletins de ocorr\u00eancia foram registrados e 38 lideran\u00e7as j\u00e1 foram identificadas. Foram emitidas 66 autua\u00e7\u00f5es de tr\u00e2nsito de ve\u00edculos, sendo 15 autuados por resultarem no bloqueio de rodovias.<\/p>\n\n\n\n<p id=\"viewer-1h2p9\">Na imagem de Anderson Theodoro da PR323 no p\u00f3rtico de Cianorte no feriado de finados em 2\/11\/2022.<\/p>\n\n\n\n<p class=\"has-text-align-center\" id=\"viewer-3qf3j\"><strong><a href=\"http:\/\/contexto.inf.br\">@profsta #profsta @contexto.inf<\/a><\/strong><\/p>\n\n\n\n<p class=\"has-text-align-right\"><a href=\"https:\/\/www.facebook.com\/photo\/?fbid=5754288461259362&amp;set=a.197941860227411\" target=\"_blank\" rel=\"noreferrer noopener\"><u><mark style=\"background-color:rgba(0, 0, 0, 0)\" class=\"has-inline-color has-cyan-bluish-gray-color\">Imagem Anderson Theodoro<\/mark><\/u><\/a><\/p>\n","protected":false},"excerpt":{"rendered":"<div class=\"mh-excerpt\"><p> <a class=\"mh-excerpt-more\" href=\"https:\/\/contexto.inf.br\/?p=665\" title=\"Paran\u00e1 tem todas as Rodovias Desbloqueadas\"><\/a><\/p>\n<\/div>","protected":false},"author":2,"featured_media":666,"comment_status":"open","ping_status":"open","sticky":false,"template":"","format":"standard","meta":{"footnotes":""},"categories":[4,6,5,17,36,31,32],"tags":[],"class_list":{"0":"post-665","1":"post","2":"type-post","3":"status-publish","4":"format-standard","5":"has-post-thumbnail","7":"category-brasil","8":"category-direitos-sociais","9":"category-politica","10":"category-seguranca","11":"category-transito","12":"category-_destaque","13":"category-_em-foco"},"_links":{"self":[{"href":"https:\/\/contexto.inf.br\/index.php?rest_route=\/wp\/v2\/posts\/665","targetHints":{"allow":["GET"]}}],"collection":[{"href":"https:\/\/contexto.inf.br\/index.php?rest_route=\/wp\/v2\/posts"}],"about":[{"href":"https:\/\/contexto.inf.br\/index.php?rest_route=\/wp\/v2\/types\/post"}],"author":[{"embeddable":true,"href":"https:\/\/contexto.inf.br\/index.php?rest_route=\/wp\/v2\/users\/2"}],"replies":[{"embeddable":true,"href":"https:\/\/contexto.inf.br\/index.php?rest_route=%2Fwp%2Fv2%2Fcomments&post=665"}],"version-history":[{"count":1,"href":"https:\/\/contexto.inf.br\/index.php?rest_route=\/wp\/v2\/posts\/665\/revisions"}],"predecessor-version":[{"id":667,"href":"https:\/\/contexto.inf.br\/index.php?rest_route=\/wp\/v2\/posts\/665\/revisions\/667"}],"wp:featuredmedia":[{"embeddable":true,"href":"https:\/\/contexto.inf.br\/index.php?rest_route=\/wp\/v2\/media\/666"}],"wp:attachment":[{"href":"https:\/\/contexto.inf.br\/index.php?rest_route=%2Fwp%2Fv2%2Fmedia&parent=665"}],"wp:term":[{"taxonomy":"category","embeddable":true,"href":"https:\/\/contexto.inf.br\/index.php?rest_route=%2Fwp%2Fv2%2Fcategories&post=665"},{"taxonomy":"post_tag","embeddable":true,"href":"https:\/\/contexto.inf.br\/index.php?rest_route=%2Fwp%2Fv2%2Ftags&post=665"}],"curies":[{"name":"wp","href":"https:\/\/api.w.org\/{rel}","templated":true}]}}