{"id":694,"date":"2024-07-17T12:11:04","date_gmt":"2024-07-17T15:11:04","guid":{"rendered":"https:\/\/contexto.inf.br\/?p=694"},"modified":"2024-07-17T12:11:05","modified_gmt":"2024-07-17T15:11:05","slug":"cianorte-mantem-semana-cultural-de-17-a-19-de-novembro","status":"publish","type":"post","link":"https:\/\/contexto.inf.br\/?p=694","title":{"rendered":"Cianorte Mant\u00e9m Semana Cultural de 17 a 19 de Novembro"},"content":{"rendered":"<div class=\"wp-block-image\">\n<figure class=\"alignleft size-full is-resized\"><img loading=\"lazy\" decoding=\"async\" width=\"402\" height=\"402\" src=\"https:\/\/contexto.inf.br\/wp-content\/uploads\/2024\/07\/image-201.png\" alt=\"\" class=\"wp-image-695\" style=\"width:342px;height:auto\" srcset=\"https:\/\/contexto.inf.br\/wp-content\/uploads\/2024\/07\/image-201.png 402w, https:\/\/contexto.inf.br\/wp-content\/uploads\/2024\/07\/image-201-300x300.png 300w, https:\/\/contexto.inf.br\/wp-content\/uploads\/2024\/07\/image-201-150x150.png 150w\" sizes=\"auto, (max-width: 402px) 100vw, 402px\" \/><\/figure>\n<\/div>\n\n\n<p>11 de nov. de 2022 &#8211; Ap\u00f3s 24 horas de pol\u00eamicas envolvendo protestos e cr\u00edticas &#8220;<a href=\"https:\/\/www.bisbinoticias.com.br\/post\/viol%C3%AAncia-em-cianorte-grupos-amea%C3%A7am-empresas-autoridades-e-cultura-popular-por-fanatismo-pol%C3%ADtico\" target=\"_blank\" rel=\"noreferrer noopener\"><u>pol\u00edticas<\/u><\/a>&#8220;, Cianorte mant\u00e9m a <strong>Semana Cultural de 17 a 19 de Novembro.<\/strong><\/p>\n\n\n\n<p id=\"viewer-2mfga\">Artistas locais e regionais v\u00e3o manter suas apresenta\u00e7\u00f5es musicais, de dan\u00e7as, teatro e grafite.<\/p>\n\n\n\n<p id=\"viewer-fucdb\">1- Dia 17\/11 das 18h \u00e0s 21h50 Mostra de Dan\u00e7a e Teatro no Pa\u00e7o Municipal<\/p>\n\n\n\n<p id=\"viewer-3frn1\">2- Dia 17\/11 \u00e0s 16h50 Palestra de Hip-Hop no Ceep Cianorte<\/p>\n\n\n\n<p id=\"viewer-5lsdc\">3- Dia 18\/11 das 19h \u00e0s 21h \u00e9 o 13\u00b0 Festival de Violeiros de Cianorte e Apresenta\u00e7\u00f5es Musicais no Pa\u00e7o Municipal<\/p>\n\n\n\n<p id=\"viewer-27lio\">4- Dia 19\/11 das 15h \u00e0s 20h30 Bandas de Rock no Pa\u00e7o Municipal<\/p>\n\n\n<div class=\"wp-block-image\">\n<figure class=\"alignright\"><img decoding=\"async\" src=\"https:\/\/static.wixstatic.com\/media\/84fe8b_183008eeea11468d96993115d4bd2a75~mv2.jpg\/v1\/fill\/w_493,h_329,al_c,q_80,usm_0.66_1.00_0.01,enc_auto\/84fe8b_183008eeea11468d96993115d4bd2a75~mv2.jpg\" alt=\"\"\/><\/figure>\n<\/div>\n\n\n<p id=\"viewer-40mso\">5- Dia 19\/11 das 19h \u00e0s 23h Grafite na Escola Municipal Maria Montessori.<\/p>\n\n\n\n<p id=\"viewer-duchi\">A banda Detonautas anunciada em 31\/10 agora est\u00e1 fora da programa\u00e7\u00e3o cultural. A baixo a programa\u00e7\u00e3o completa divulgada pela Prefeitura de Cianorte.<\/p>\n\n\n\n<p class=\"has-text-align-center\" id=\"viewer-7v271\"><strong><a href=\"http:\/\/contexto.inf.br\">@profsta #profsta @contexto.inf<\/a><\/strong><\/p>\n","protected":false},"excerpt":{"rendered":"<div class=\"mh-excerpt\"><p> <a class=\"mh-excerpt-more\" href=\"https:\/\/contexto.inf.br\/?p=694\" title=\"Cianorte Mant\u00e9m Semana Cultural de 17 a 19 de Novembro\"><\/a><\/p>\n<\/div>","protected":false},"author":2,"featured_media":695,"comment_status":"open","ping_status":"open","sticky":false,"template":"","format":"standard","meta":{"footnotes":""},"categories":[2,10,1,34,26,31,32],"tags":[],"class_list":{"0":"post-694","1":"post","2":"type-post","3":"status-publish","4":"format-standard","5":"has-post-thumbnail","7":"category-cianorte","8":"category-cultura","9":"category-dicas-culturais","10":"category-diversidade","11":"category-promocao-social","12":"category-_destaque","13":"category-_em-foco"},"_links":{"self":[{"href":"https:\/\/contexto.inf.br\/index.php?rest_route=\/wp\/v2\/posts\/694","targetHints":{"allow":["GET"]}}],"collection":[{"href":"https:\/\/contexto.inf.br\/index.php?rest_route=\/wp\/v2\/posts"}],"about":[{"href":"https:\/\/contexto.inf.br\/index.php?rest_route=\/wp\/v2\/types\/post"}],"author":[{"embeddable":true,"href":"https:\/\/contexto.inf.br\/index.php?rest_route=\/wp\/v2\/users\/2"}],"replies":[{"embeddable":true,"href":"https:\/\/contexto.inf.br\/index.php?rest_route=%2Fwp%2Fv2%2Fcomments&post=694"}],"version-history":[{"count":1,"href":"https:\/\/contexto.inf.br\/index.php?rest_route=\/wp\/v2\/posts\/694\/revisions"}],"predecessor-version":[{"id":696,"href":"https:\/\/contexto.inf.br\/index.php?rest_route=\/wp\/v2\/posts\/694\/revisions\/696"}],"wp:featuredmedia":[{"embeddable":true,"href":"https:\/\/contexto.inf.br\/index.php?rest_route=\/wp\/v2\/media\/695"}],"wp:attachment":[{"href":"https:\/\/contexto.inf.br\/index.php?rest_route=%2Fwp%2Fv2%2Fmedia&parent=694"}],"wp:term":[{"taxonomy":"category","embeddable":true,"href":"https:\/\/contexto.inf.br\/index.php?rest_route=%2Fwp%2Fv2%2Fcategories&post=694"},{"taxonomy":"post_tag","embeddable":true,"href":"https:\/\/contexto.inf.br\/index.php?rest_route=%2Fwp%2Fv2%2Ftags&post=694"}],"curies":[{"name":"wp","href":"https:\/\/api.w.org\/{rel}","templated":true}]}}