{"id":700,"date":"2024-07-17T12:16:00","date_gmt":"2024-07-17T15:16:00","guid":{"rendered":"https:\/\/contexto.inf.br\/?p=700"},"modified":"2024-07-17T12:16:01","modified_gmt":"2024-07-17T15:16:01","slug":"tiro-de-guerra-de-cianorte-arrecada-8-8-toneladas-de-alimentos-ao-natal-solidario","status":"publish","type":"post","link":"https:\/\/contexto.inf.br\/?p=700","title":{"rendered":"Tiro de Guerra de Cianorte Arrecada +8.8 Toneladas de Alimentos ao Natal Solid\u00e1rio"},"content":{"rendered":"<div class=\"wp-block-image\">\n<figure class=\"alignleft size-full is-resized\"><img loading=\"lazy\" decoding=\"async\" width=\"233\" height=\"155\" src=\"https:\/\/contexto.inf.br\/wp-content\/uploads\/2024\/07\/image-203.png\" alt=\"\" class=\"wp-image-701\" style=\"width:333px;height:auto\"\/><\/figure>\n<\/div>\n\n\n<p>18 de nov. de 2022 &#8211; Tiro de Guerra de Cianorte Arrecada +8.8 Toneladas de Alimentos ao Natal Solid\u00e1rio.<\/p>\n\n\n\n<p id=\"viewer-2u1tp\">No per\u00edodo de 5 a 12 de novembro, o Tiro de Guerra 05-011 (TG 05-011), em parceria com o Programa A\u00e7\u00e3o Solid\u00e1ria (PAS), participou da Campanha Natal Solid\u00e1rio de Cianorte.<\/p>\n\n\n\n<p id=\"viewer-9ls7p\">Durante a 1\u00aa coleta do TG 05-011, na \u00e1rea oeste da cidade e no distrito de S\u00e3o Louren\u00e7o, foram arrecadados 4.617 kg de alimentos n\u00e3o perec\u00edveis. Durante a 2\u00aa coleta, foram arrecadados 4.210 kg de alimentos n\u00e3o perec\u00edveis, na \u00e1rea leste de Cianorte e no distrito de Vidigal. O total arrecadado pelos atiradores, durante os dois dias de arrecada\u00e7\u00e3o, foi de 8.827 kg de alimentos.<\/p>\n\n\n\n<p id=\"viewer-ta3b\">A partir de agora, utilizando os alimentos doados pelos mun\u00edcipes, o PAS de Cianorte realizar\u00e1 a confec\u00e7\u00e3o de cestas b\u00e1sicas para posterior distribui\u00e7\u00e3o das mesmas \u00e0s fam\u00edlias necessitadas do munic\u00edpio de Cianorte, buscando tornar o Natal dessas pessoas um pouco mais esperan\u00e7oso.<\/p>\n\n\n\n<p id=\"viewer-5d66i\">O TG 05-011 concluiu mais essa miss\u00e3o com a certeza de que a causa \u00e9 nobre e configura-se numa oportunidade \u00edmpar na vida dos nossos atiradores, que puderam exercer a solidariedade e a empatia para com o pr\u00f3ximo, al\u00e9m de presenciarem o qu\u00e3o solid\u00e1rio \u00e9 o povo cianortense, experi\u00eancia essa que levar\u00e3o para o resto de suas vidas.<\/p>\n\n\n\n<p id=\"viewer-131aq\">O Tiro de Guerra 05-011 agradece a toda comunidade cianortense pelas doa\u00e7\u00f5es realizadas durante a Campanha Natal Solid\u00e1rio de Cianorte, no ano de 2022.<\/p>\n\n\n\n<p class=\"has-text-align-center\" id=\"viewer-4k752\"><strong><a href=\"http:\/\/contexto.inf.br\">@profsta #profsta @contexto.inf<\/a><\/strong><\/p>\n\n\n<div class=\"wp-block-image\">\n<figure class=\"aligncenter\"><img decoding=\"async\" src=\"https:\/\/static.wixstatic.com\/media\/84fe8b_bd0c3cab33ed4f00bb06413b79559adf~mv2.jpg\/v1\/fill\/w_493,h_183,al_c,q_80,usm_0.66_1.00_0.01,enc_auto\/84fe8b_bd0c3cab33ed4f00bb06413b79559adf~mv2.jpg\" alt=\"\"\/><\/figure>\n<\/div>\n\n\n<p id=\"viewer-flk3i\"><a target=\"_blank\" href=\"http:\/\/www.eb.mil.br\/web\/noticias\/noticiario-do-exercito\/-\/asset_publisher\/znUQcGfQ6N3x\/content\/id\/16414677\" rel=\"noreferrer noopener\"><u>Ex\u00e9rcito<\/u><\/a><\/p>\n","protected":false},"excerpt":{"rendered":"<div class=\"mh-excerpt\"><p> <a class=\"mh-excerpt-more\" href=\"https:\/\/contexto.inf.br\/?p=700\" title=\"Tiro de Guerra de Cianorte Arrecada +8.8 Toneladas de Alimentos ao Natal Solid\u00e1rio\"><\/a><\/p>\n<\/div>","protected":false},"author":2,"featured_media":701,"comment_status":"open","ping_status":"open","sticky":false,"template":"","format":"standard","meta":{"footnotes":""},"categories":[2,6,34,26,17,31,32],"tags":[],"class_list":{"0":"post-700","1":"post","2":"type-post","3":"status-publish","4":"format-standard","5":"has-post-thumbnail","7":"category-cianorte","8":"category-direitos-sociais","9":"category-diversidade","10":"category-promocao-social","11":"category-seguranca","12":"category-_destaque","13":"category-_em-foco"},"_links":{"self":[{"href":"https:\/\/contexto.inf.br\/index.php?rest_route=\/wp\/v2\/posts\/700","targetHints":{"allow":["GET"]}}],"collection":[{"href":"https:\/\/contexto.inf.br\/index.php?rest_route=\/wp\/v2\/posts"}],"about":[{"href":"https:\/\/contexto.inf.br\/index.php?rest_route=\/wp\/v2\/types\/post"}],"author":[{"embeddable":true,"href":"https:\/\/contexto.inf.br\/index.php?rest_route=\/wp\/v2\/users\/2"}],"replies":[{"embeddable":true,"href":"https:\/\/contexto.inf.br\/index.php?rest_route=%2Fwp%2Fv2%2Fcomments&post=700"}],"version-history":[{"count":1,"href":"https:\/\/contexto.inf.br\/index.php?rest_route=\/wp\/v2\/posts\/700\/revisions"}],"predecessor-version":[{"id":702,"href":"https:\/\/contexto.inf.br\/index.php?rest_route=\/wp\/v2\/posts\/700\/revisions\/702"}],"wp:featuredmedia":[{"embeddable":true,"href":"https:\/\/contexto.inf.br\/index.php?rest_route=\/wp\/v2\/media\/701"}],"wp:attachment":[{"href":"https:\/\/contexto.inf.br\/index.php?rest_route=%2Fwp%2Fv2%2Fmedia&parent=700"}],"wp:term":[{"taxonomy":"category","embeddable":true,"href":"https:\/\/contexto.inf.br\/index.php?rest_route=%2Fwp%2Fv2%2Fcategories&post=700"},{"taxonomy":"post_tag","embeddable":true,"href":"https:\/\/contexto.inf.br\/index.php?rest_route=%2Fwp%2Fv2%2Ftags&post=700"}],"curies":[{"name":"wp","href":"https:\/\/api.w.org\/{rel}","templated":true}]}}