{"id":75,"date":"2024-07-12T18:47:02","date_gmt":"2024-07-12T18:47:02","guid":{"rendered":"https:\/\/contexto.inf.br\/?p=75"},"modified":"2024-07-12T18:47:02","modified_gmt":"2024-07-12T18:47:02","slug":"primeira-crise-ou-democracia-plena-tensao-entre-vereadores-e-prefeito-de-cianorte","status":"publish","type":"post","link":"https:\/\/contexto.inf.br\/?p=75","title":{"rendered":"Primeira Crise? Ou Democracia Plena? Tens\u00e3o entre Vereadores e Prefeito de Cianorte"},"content":{"rendered":"<div class=\"wp-block-image\">\n<figure class=\"alignleft size-full\"><img loading=\"lazy\" decoding=\"async\" width=\"233\" height=\"233\" src=\"https:\/\/contexto.inf.br\/wp-content\/uploads\/2024\/07\/image-14.png\" alt=\"\" class=\"wp-image-76\" srcset=\"https:\/\/contexto.inf.br\/wp-content\/uploads\/2024\/07\/image-14.png 233w, https:\/\/contexto.inf.br\/wp-content\/uploads\/2024\/07\/image-14-150x150.png 150w\" sizes=\"auto, (max-width: 233px) 100vw, 233px\" \/><\/figure>\n<\/div>\n\n\n<p>1 de dez. de 2021 <\/p>\n\n\n\n<p id=\"viewer-aeisv\">Ap\u00f3s a sess\u00e3o legislativa tensa e aguerrida da \u00faltima 2\u00aafeira 29\/11 onde o projeto do Executivo que reforma a previd\u00eancia dos servidores municipais de Cianorte previsto para ser aprovado por 9 a 1 teve uma supreendente reviravolta com pedido de vistas e de auditoria da CAPSECI, cujo debate acalorado resultou em aprova\u00e7\u00e3o un\u00e2nime dos vereadores, o clima mudou entre Prefeitura e C\u00e2mara Legislativa Cianortense.<\/p>\n\n\n\n<p id=\"viewer-8jd8s\">J\u00e1 no in\u00edcio da tarde de 3\u00aafeira (30\/11) Prefeito Marco Franzato gravou um v\u00eddeo de 3 minutos alegando estar triste com a mudan\u00e7a de posi\u00e7\u00e3o de alguns vereadores citando os vereadores Afonso Lima (Rede), Rodrigo Rezende (PSD, mesmo partido do Prefeito) e Thiago Fontes (PSL, da mesma coliga\u00e7\u00e3o que elegeu o prefeito)&#8230;<\/p>\n\n\n\n<p id=\"viewer-44g13\"><strong>(<\/strong><a target=\"_blank\" href=\"https:\/\/m.facebook.com\/story.php?story_fbid=427894998714157&amp;id=100044809800370\" rel=\"noreferrer noopener\"><strong><u>Assista aqui o v\u00eddeo do Prefeito<\/u><\/strong><\/a><strong>).<\/strong><\/p>\n\n\n\n<p id=\"viewer-3ocsu\">Escreveu o Prefeito: &#8220;<strong><em>Ontem fui surpreendido com a posi\u00e7\u00e3o de 3 vereadores na vota\u00e7\u00e3o da reforma da previd\u00eancia. Com a primeira vota\u00e7\u00e3o encerrada em 9&#215;1, fiquei surpreso com essa mudan\u00e7a de posicionamento. Essa reforma \u00e9 apenas uma adequa\u00e7\u00e3o a do governo federal e estadual. Essa reforma \u00e9 necess\u00e1ria para as finan\u00e7as e desenvolvimento do munic\u00edpio e Capseci, assim como uma forma de garantir a aposentadoria a todos os servidores. Estamos trabalhando em prol do coletivo<\/em><\/strong>&#8220;.<\/p>\n\n\n\n<p id=\"viewer-5cnp3\">Em complemento, os vereadores Thiago, Rodrigo e Afonso gravaram outro v\u00eddeo divulgado na tarde desta 4\u00aafeira 01\/12 em resposta ao prefeito e em esclarecimentos popula\u00e7\u00e3o.<\/p>\n\n\n\n<p id=\"viewer-e9281\">No v\u00eddeo os vereadores destacam que o pedido de vistas foi aprovado por unanimidade e n\u00e3o h\u00e1 l\u00f3gica de apenas os 3 vereadores serem citados pelo prefeito. Que as causas do d\u00e9ficit saltar de R$39 milh\u00f5es no in\u00edcio de 2021 para R$124 milh\u00f5es agora no final do ano precisam ser esclarecidas. E que a C\u00e2mara \u00e9 aut\u00f4noma e independente.<\/p>\n\n\n\n<p id=\"viewer-6mkuv\"><strong>(<\/strong><a target=\"_blank\" href=\"https:\/\/www.facebook.com\/permalink.php?story_fbid=1371443459937690&amp;id=100012161463859\" rel=\"noreferrer noopener\"><strong><u>Assista aqui o v\u00eddeo dos Vereadores<\/u><\/strong><\/a><strong>).<\/strong><\/p>\n\n\n\n<p id=\"viewer-53qdb\">Escreveram os vereadores: <strong><em>&#8220;Motivo do pedido de Vista da Reforma Previdenci\u00e1ria dos Servidores P\u00fablicos do Munic\u00edpio de Cianorte. Para esclarecimento \u00e0 popula\u00e7\u00e3o Cianortense, no \u00faltimo dia 29\/11 em sess\u00e3o Ordin\u00e1ria na C\u00e2mara Municipal de Cianorte, estava em discuss\u00e3o o projeto de Reforma da Previd\u00eancia dos Servidores P\u00fablicos do munic\u00edpio, assunto pol\u00eamico e de tamanha import\u00e2ncia para vida de muitos dos nossos cidad\u00e3os Cianortenses. O fato \u00e9 que devido in\u00fameras d\u00favidas e respostas n\u00e3o exitosas e nada esclarecedoras enviadas pelo Poder Executivo \u00e0 n\u00f3s vereadores, com rela\u00e7\u00e3o ao d\u00e9ficit atuarial, aporte e outros c\u00e1lculos, resolvemos diante da n\u00e3o clareza dos fatos, n\u00e3o sendo poss\u00edvel analisar de forma justa e coerente o respectivo Projeto de Lei, pedir VISTA, requerendo assim o prazo de mais 90 dias para uma an\u00e1lise mais concreta e necess\u00e1ria do assunto e tamb\u00e9m pedido de AUDITORIA para apurar o real valor do d\u00e9ficit e sua origem. O pedido de VISTA foi aceito por unanimidade dos vereadores e o respectivo pedido de Auditoria em conjunto com os vereadores Rodrigo Rezende, Thiago Fontes, Afonso Lima, Neuza Casassa e M\u00e1rcia Pereira. Nosso compromisso \u00e9 com a popula\u00e7\u00e3o e nossas decis\u00f5es sempre ser\u00e3o de maneira transparente e justa para todos.&#8221;<\/em><\/strong><\/p>\n\n\n\n<p id=\"viewer-fo7hg\">Pessoalmente, vejo o momento de tens\u00e3o e nervos aflorados, mas ainda sim naturais e democr\u00e1ticos. Apesar de diverg\u00eancias entre os vereadores e o prefeito, o di\u00e1logo institucional deste primeiro mandato de ambos os pol\u00edticos foi pac\u00edfico e de colabora\u00e7\u00e3o. \u00c9 muito cedo e antecipado dizer que &#8220;acabou a lua de mel&#8221; ou &#8220;inicia agora um movimento de oposi\u00e7\u00e3o&#8221;. Mesmo que alguns vejam cr\u00edticas, cal\u00fanias, demagogia ou interfer\u00eancias na independ\u00eancia dos poderes, tanto prefeito quanto vereadores v\u00e3o continuar o bom di\u00e1logo pelo bem do munic\u00edpio.<\/p>\n\n\n\n<p id=\"viewer-a0u3s\">Entretanto, nada est\u00e1 garantido! Dezembro e Janeiro j\u00e1 emendam recessos e s\u00f3 em Fevereiro de 2022 teremos a real dimens\u00e3o do impacto desta tens\u00e3o. Ser\u00e1 que teremos novas sess\u00f5es extraordin\u00e1rias? Ser\u00e1 que na primeira sess\u00e3o Ordin\u00e1ria de 2022 teremos outra Pauta Bomba como a deste ano onde se apresentou um pedido de cassa\u00e7\u00e3o? &#8230;<\/p>\n\n\n\n<p id=\"viewer-duokj\">Especula\u00e7\u00f5es a parte, a \u00fanica garantia \u00e9 que estamos de olho atento e a auditoria da CAPSECI pode trazer muitas informa\u00e7\u00f5es que v\u00e3o amadurecer o di\u00e1logo democr\u00e1tico, o consenso progressivo e trazer maior transpar\u00eancia, publicidade, Justi\u00e7a e democracia.<\/p>\n\n\n\n<p id=\"viewer-ddc9c\">@profsta <a href=\"https:\/\/www.bisbilhoteiro.com.br\/colunas\/hashtags\/profsta\">#profsta<\/a> @contexto.inf<\/p>\n","protected":false},"excerpt":{"rendered":"<div class=\"mh-excerpt\"><p> <a class=\"mh-excerpt-more\" href=\"https:\/\/contexto.inf.br\/?p=75\" title=\"Primeira Crise? Ou Democracia Plena? Tens\u00e3o entre Vereadores e Prefeito de Cianorte\"><\/a><\/p>\n<\/div>","protected":false},"author":2,"featured_media":76,"comment_status":"open","ping_status":"open","sticky":false,"template":"","format":"standard","meta":{"footnotes":""},"categories":[2,5],"tags":[],"class_list":{"0":"post-75","1":"post","2":"type-post","3":"status-publish","4":"format-standard","5":"has-post-thumbnail","7":"category-cianorte","8":"category-politica"},"_links":{"self":[{"href":"https:\/\/contexto.inf.br\/index.php?rest_route=\/wp\/v2\/posts\/75","targetHints":{"allow":["GET"]}}],"collection":[{"href":"https:\/\/contexto.inf.br\/index.php?rest_route=\/wp\/v2\/posts"}],"about":[{"href":"https:\/\/contexto.inf.br\/index.php?rest_route=\/wp\/v2\/types\/post"}],"author":[{"embeddable":true,"href":"https:\/\/contexto.inf.br\/index.php?rest_route=\/wp\/v2\/users\/2"}],"replies":[{"embeddable":true,"href":"https:\/\/contexto.inf.br\/index.php?rest_route=%2Fwp%2Fv2%2Fcomments&post=75"}],"version-history":[{"count":1,"href":"https:\/\/contexto.inf.br\/index.php?rest_route=\/wp\/v2\/posts\/75\/revisions"}],"predecessor-version":[{"id":77,"href":"https:\/\/contexto.inf.br\/index.php?rest_route=\/wp\/v2\/posts\/75\/revisions\/77"}],"wp:featuredmedia":[{"embeddable":true,"href":"https:\/\/contexto.inf.br\/index.php?rest_route=\/wp\/v2\/media\/76"}],"wp:attachment":[{"href":"https:\/\/contexto.inf.br\/index.php?rest_route=%2Fwp%2Fv2%2Fmedia&parent=75"}],"wp:term":[{"taxonomy":"category","embeddable":true,"href":"https:\/\/contexto.inf.br\/index.php?rest_route=%2Fwp%2Fv2%2Fcategories&post=75"},{"taxonomy":"post_tag","embeddable":true,"href":"https:\/\/contexto.inf.br\/index.php?rest_route=%2Fwp%2Fv2%2Ftags&post=75"}],"curies":[{"name":"wp","href":"https:\/\/api.w.org\/{rel}","templated":true}]}}