{"id":754,"date":"2024-07-17T18:37:00","date_gmt":"2024-07-17T21:37:00","guid":{"rendered":"https:\/\/contexto.inf.br\/?p=754"},"modified":"2024-07-17T18:37:01","modified_gmt":"2024-07-17T21:37:01","slug":"retrospectiva-da-gratidao-2022-de-ascensao","status":"publish","type":"post","link":"https:\/\/contexto.inf.br\/?p=754","title":{"rendered":"Retrospectiva da Gratid\u00e3o: 2022 de Ascens\u00e3o"},"content":{"rendered":"<div class=\"wp-block-image\">\n<figure class=\"alignleft size-full is-resized\"><img loading=\"lazy\" decoding=\"async\" width=\"233\" height=\"170\" src=\"https:\/\/contexto.inf.br\/wp-content\/uploads\/2024\/07\/image-221.png\" alt=\"\" class=\"wp-image-755\" style=\"width:397px;height:auto\"\/><\/figure>\n<\/div>\n\n\n<p>23 de dez. de 2022 &#8211; \u00c9 dif\u00edcil falar de s\u00ed mesmo com despretens\u00e3o, por\u00e9m vale o risco, pois este \u00e9 um texto de <strong>agradecimentos<\/strong> pelas constru\u00e7\u00f5es e conquistas em 2022.<\/p>\n\n\n\n<p id=\"viewer-7vtnc\">Quero iniciar agradecendo o Bisbi Not\u00edcias, a Revista CiaFM e a R\u00e1dio CiaFM nas pessoas do Mike Madeira, Marcio Nolasco e Walber Guimar\u00e3es Junior! Em <a target=\"_blank\" href=\"https:\/\/www.bisbinoticias.com.br\/post\/obrigado-bisbi-not%C3%ADcias-revista-ciafm-e-tv-de-bem-com-a-vida-2021-%C3%A9-gratid%C3%A3o-2022\" rel=\"noreferrer noopener\"><u>2021<\/u><\/a> foi Gratid\u00e3o, 2022 foi Constru\u00e7\u00e3o, em 2023 &#8230;<\/p>\n\n\n\n<p id=\"viewer-bch9d\">Neste ano de 2022 foram 34 programas <strong>Revista CiaFm<\/strong> em que participei como \u00e2ncora, todos os s\u00e1bados das 12 \u00e0s 13h na r\u00e1dio <a target=\"_blank\" href=\"http:\/\/ciafm959.com\/\" rel=\"noreferrer noopener\"><u>CiaFm 95.9<\/u><\/a>. Programa de Informa\u00e7\u00e3o na Comunica\u00e7\u00e3o, pra voc\u00ea ficar ligado e bem informado sobre os principais acontecimentos da semana com not\u00edcias, interpreta\u00e7\u00f5es, coment\u00e1rios, dicas culturais e entrevistas especiais. De Julho a Outubro me afastei devido ao processo eleitoral e <strong>Mike Madeira<\/strong> assumiu o comando deste programa por 15 semanas. Fizemos a Revista CiaFm se tornar refer\u00eancia e pauta obrigat\u00f3ria nos bastidores da pol\u00edtica cianortense. Foram dezenas de pautas importantes sobre Cianorte, o Paran\u00e1, Brasil e o Mundo nos aspectos pol\u00edticos, culturais, econ\u00f4micos e sociais. O que a Revista CiaFm fala dinamiza a vida cianortense. Obrigado Mike Madeira pela parceria.<\/p>\n\n\n\n<p id=\"viewer-9et8v\">Desde dezembro de 2020 venho escrevendo neste site <a target=\"_blank\" href=\"http:\/\/bisbinoticias.com.br\/\" rel=\"noreferrer noopener\"><strong><u>BISBINOTICIAS.COM.BR<\/u><\/strong><\/a> com letras mai\u00fasculas mesmo, porque este espa\u00e7o virtual se tornou um &#8220;foguete&#8221; f\u00e1cil de comparar \u00e0s &#8220;start-ups unic\u00f3rnios&#8221;, pois em 2022 o <a target=\"_blank\" href=\"https:\/\/www.bisbinoticias.com.br\/post\/brasil-ganha-com-gol-de-voleio-e-bisbi-ganha-com-3-0-milh%C3%B5es-de-visualiza%C3%A7%C3%B5es-em-nov-2022\" rel=\"noreferrer noopener\"><u>Bisbi Not\u00edcias alcan\u00e7ou mais de 3 milh\u00f5es de leituras somente no m\u00eas de Novembro<\/u><\/a>!<\/p>\n\n\n\n<p id=\"viewer-66qur\">Isso se deve a qualidade t\u00e9cnica do nosso Editor chefe <strong>Marcio Nolasco<\/strong> e equipe de colunistas. Fazer um site do interior do Paran\u00e1, baseado em Cianorte com menos de 100 mil habitantes, alcan\u00e7ar mais de 3 milh\u00f5es de acessos ao M\u00eas sem apelo a boletins policiais, com conte\u00fado autoral pr\u00f3prio e muitas vezes in\u00e9dito sobre os principais fen\u00f4menos sociais locais ou globais e ficar entre os 20 maiores sites do Brasil em menos de 2 anos (sem redes sociais e totalmente org\u00e2nico), \u00e9 realmente uma conquista! Parab\u00e9ns Marcio Nolasco pela lideran\u00e7a e Obrigado por me dar todas as ferramentas e liberdade \u00edmpar de fazer parte desta marca. Como brincamos nos bastidores da reda\u00e7\u00e3o: &#8220;Bora ficar em primeiro!&#8221;<\/p>\n\n\n\n<p id=\"viewer-7ia28\">Obrigado tamb\u00e9m <strong>Walber Guimar\u00e3es J\u00fanior<\/strong> que me abriu a &#8220;janela&#8221; da CiaFm e permitiu a Revista CiaFm se tornar a voz que dinamiza a sociedade cianortense. Obrigado por junto com Marcio Nolasco me abrirem as &#8220;portas&#8221; da imprensa virtual no <strong>Bisbi Not\u00edcias<\/strong> de Cianorte e no <strong>T\u00e1 Por Dentro<\/strong> de Maring\u00e1 onde pude publicar em 2021 mais de 120 artigos com mais de 880 mil leituras com m\u00e9dia de 7 mil leituras cada mat\u00e9ria de 3 minutos cada leitura. E neste ano de 2022 com pouco mais de 170 artigos, dobramos a m\u00e9dia para 15 mil leituras cada texto com perman\u00eancia m\u00e9dia de 5 minutos cada leitor e somando o triplo de leitores totais com mais de 2,5 milh\u00f5es s\u00f3 em 2022! Como me disse, &#8220;da janela abrimos uma Avenida!&#8221; &#8230; Obrigado!<\/p>\n\n\n\n<p id=\"viewer-3bav\">Preciso ainda agradecer a Escola Estadual Princesa Izabel onde pude festejar com os docentes do ensino fundamental o <a target=\"_blank\" href=\"https:\/\/www.bisbinoticias.com.br\/post\/ideb-e-as-melhores-escolas-de-cianorte-e-regi%C3%A3o\" rel=\"noreferrer noopener\"><u>1\u00ba lugar no IDEB em Cianorte<\/u><\/a>. Agrade\u00e7o tamb\u00e9m ao CEEP Cianorte onde tamb\u00e9m celebramos como docente o <a target=\"_blank\" href=\"https:\/\/www.bisbinoticias.com.br\/post\/ideb-e-as-melhores-escolas-de-cianorte-e-regi%C3%A3o\" rel=\"noreferrer noopener\"><u>1\u00ba lugar no IDEB regional e 10\u00ba melhor IDEB do ensino m\u00e9dio do Paran\u00e1<\/u><\/a>! Duas Escolas p\u00fablicas, gratuitas de Excel\u00eancia levando Educa\u00e7\u00e3o de qualidade a nossas crian\u00e7as e jovens.<\/p>\n\n\n\n<p id=\"viewer-8j3l1\">Como professor de Geografia somando 40 horas semanais na rede estadual do Paran\u00e1, preciso celebrar minha aprova\u00e7\u00e3o no programa PDE\/2022 onde milhares de professores concorreram para pouco mais de 2 mil vagas.<\/p>\n\n\n\n<p id=\"viewer-3f105\">Preciso tamb\u00e9m agradecer ao partido Rede Sustentabilidade que confiou em mim para ser um dos 632 candidatos a deputado federal pelo Paran\u00e1 neste ano onde pude apresentar itens de fiscaliza\u00e7\u00e3o, legisla\u00e7\u00e3o, indicar de dezenas de <a target=\"_blank\" href=\"https:\/\/www.stalloneribeiro.com.br\/\" rel=\"noreferrer noopener\"><strong><u>Propostas<\/u><\/strong><\/a> e ganhar a confian\u00e7a de 706 votos&#8230; Diante de tantos eventos e acontecimentos em 2022, s\u00f3 tenho a Agradecer! &#8230; e Acelerar!<\/p>\n\n\n\n<p id=\"viewer-8rl09\"><strong>Obrigado Bisbi Not\u00edcias ! Obrigado T\u00e1 Por Dentro ! Obrigado CiaFm !<\/strong> Obrigado Mike Madeira! Obrigado Marco Nolasco! Obrigado Walber Guimar\u00e3es Jr!<\/p>\n\n\n\n<p id=\"viewer-9mjvf\">Obrigado a todos os mais de 2,5 milh\u00f5es de leitores do <a target=\"_blank\" href=\"https:\/\/www.bisbinoticias.com.br\/stallone-ribeiro\" rel=\"noreferrer noopener\"><strong><u>Bisbi Not\u00edcias<\/u><\/strong><\/a> e do <a target=\"_blank\" href=\"https:\/\/www.tapordentro.com.br\/\" rel=\"noreferrer noopener\"><strong><u>T\u00e1 por Dentro<\/u><\/strong><\/a> em 2022 e a todos os milhares de ouvintes da Revista CiaFm na 95.9 a sua Melhor Companhia! Juntos podemos dialogar, debater, repensar e melhorar nossa sociedade!<\/p>\n\n\n\n<p class=\"has-text-align-center\" id=\"viewer-cnpei\"><strong>Que toda Crian\u00e7a tenha um Lar, que todo Jovem tenha Escola, que todo Adulto tenha Emprego, que todo Idoso tenha Companhia e que Ningu\u00e9m, Jamais tenha Fome!<\/strong> <strong>Vamos Humanizar Nossa Sociedade!<\/strong><\/p>\n\n\n\n<p class=\"has-text-align-center\" id=\"viewer-2dud6\"><strong><a href=\"http:\/\/contexto.inf.br\">@profsta #profsta @contexto.inf<\/a><\/strong><\/p>\n\n\n\n<p class=\"has-text-align-center\" id=\"viewer-4e7l5\">Tr\u00e1fego @profsta no Bisbi &#8211; 2022<\/p>\n\n\n<div class=\"wp-block-image\">\n<figure class=\"aligncenter is-resized\"><img decoding=\"async\" src=\"https:\/\/static.wixstatic.com\/media\/84fe8b_2c86e0e8d92d47b68515ff11b2af8648~mv2.png\/v1\/fill\/w_493,h_262,al_c,q_85,usm_0.66_1.00_0.01,enc_auto\/84fe8b_2c86e0e8d92d47b68515ff11b2af8648~mv2.png\" alt=\"\" style=\"width:663px;height:auto\"\/><\/figure>\n<\/div>","protected":false},"excerpt":{"rendered":"<div class=\"mh-excerpt\"><p> <a class=\"mh-excerpt-more\" href=\"https:\/\/contexto.inf.br\/?p=754\" title=\"Retrospectiva da Gratid\u00e3o: 2022 de Ascens\u00e3o\"><\/a><\/p>\n<\/div>","protected":false},"author":2,"featured_media":755,"comment_status":"open","ping_status":"open","sticky":false,"template":"","format":"standard","meta":{"footnotes":""},"categories":[4,2,10,1,34,13,9,26,35,31,32],"tags":[],"class_list":{"0":"post-754","1":"post","2":"type-post","3":"status-publish","4":"format-standard","5":"has-post-thumbnail","7":"category-brasil","8":"category-cianorte","9":"category-cultura","10":"category-dicas-culturais","11":"category-diversidade","12":"category-entrevista","13":"category-negocios","14":"category-promocao-social","15":"category-tecnologias","16":"category-_destaque","17":"category-_em-foco"},"_links":{"self":[{"href":"https:\/\/contexto.inf.br\/index.php?rest_route=\/wp\/v2\/posts\/754","targetHints":{"allow":["GET"]}}],"collection":[{"href":"https:\/\/contexto.inf.br\/index.php?rest_route=\/wp\/v2\/posts"}],"about":[{"href":"https:\/\/contexto.inf.br\/index.php?rest_route=\/wp\/v2\/types\/post"}],"author":[{"embeddable":true,"href":"https:\/\/contexto.inf.br\/index.php?rest_route=\/wp\/v2\/users\/2"}],"replies":[{"embeddable":true,"href":"https:\/\/contexto.inf.br\/index.php?rest_route=%2Fwp%2Fv2%2Fcomments&post=754"}],"version-history":[{"count":1,"href":"https:\/\/contexto.inf.br\/index.php?rest_route=\/wp\/v2\/posts\/754\/revisions"}],"predecessor-version":[{"id":756,"href":"https:\/\/contexto.inf.br\/index.php?rest_route=\/wp\/v2\/posts\/754\/revisions\/756"}],"wp:featuredmedia":[{"embeddable":true,"href":"https:\/\/contexto.inf.br\/index.php?rest_route=\/wp\/v2\/media\/755"}],"wp:attachment":[{"href":"https:\/\/contexto.inf.br\/index.php?rest_route=%2Fwp%2Fv2%2Fmedia&parent=754"}],"wp:term":[{"taxonomy":"category","embeddable":true,"href":"https:\/\/contexto.inf.br\/index.php?rest_route=%2Fwp%2Fv2%2Fcategories&post=754"},{"taxonomy":"post_tag","embeddable":true,"href":"https:\/\/contexto.inf.br\/index.php?rest_route=%2Fwp%2Fv2%2Ftags&post=754"}],"curies":[{"name":"wp","href":"https:\/\/api.w.org\/{rel}","templated":true}]}}