{"id":766,"date":"2024-07-17T18:47:54","date_gmt":"2024-07-17T21:47:54","guid":{"rendered":"https:\/\/contexto.inf.br\/?p=766"},"modified":"2024-07-17T18:47:55","modified_gmt":"2024-07-17T21:47:55","slug":"lula-tem-1o-pedido-de-impeachment-registrado","status":"publish","type":"post","link":"https:\/\/contexto.inf.br\/?p=766","title":{"rendered":"Lula tem 1\u00ba Pedido de Impeachment Registrado"},"content":{"rendered":"<div class=\"wp-block-image\">\n<figure class=\"alignleft size-full is-resized\"><img loading=\"lazy\" decoding=\"async\" width=\"233\" height=\"145\" src=\"https:\/\/contexto.inf.br\/wp-content\/uploads\/2024\/07\/image-225.png\" alt=\"\" class=\"wp-image-767\" style=\"width:323px;height:auto\"\/><\/figure>\n<\/div>\n\n\n<p>30 de jan. de 2023 &#8211; O deputado federal Ubiratan Sanderson (PL-RS) protocolou na 4\u00aa feira (25.jan.2023) o 1\u00ba pedido de impeachment contra o presidente Lula (PT).<\/p>\n\n\n\n<p id=\"viewer-a0msr\">O congressista justificou o pedido dizendo que o chefe do Executivo cometeu crime de responsabilidade ao declarar que o impeachment da ex-presidente Dilma Rousseff (PT) foi um \u201cgolpe de Estado\u201c.<\/p>\n\n\n\n<p id=\"viewer-3ges1\">Durante evento na 2\u00aa feira (23.jan), em Buenos Aires (Argentina), Lula disse em discurso que \u201cdepois de um momento auspicioso no Brasil, quando [governos petistas comandaram o pa\u00eds] de 2003 a 2016, houve um golpe de Estado\u201d.<\/p>\n\n\n\n<p id=\"viewer-305vq\">\u201cDerrubou a companheira Dilma Rousseff com impeachment, a 1\u00aa mulher eleita presidenta da Rep\u00fablica do Brasil\u201d, declarou o chefe do Executivo ao lado do presidente da Argentina, Alberto Fern\u00e1ndez, e de Evo Morales, ex-presidente da Bol\u00edvia.<\/p>\n\n\n\n<p id=\"viewer-evrut\">Neste contexto, muitos juristas afirmam que a ex presidente Dilma n\u00e3o cometeu qualquer crime que justifique o impeachment (<a target=\"_blank\" href=\"https:\/\/www12.senado.leg.br\/noticias\/materias\/2016\/05\/03\/presidente-dilma-nao-cometeu-qualquer-crime-que-justifique-o-impeachment-afirmam-juristas\" rel=\"noreferrer noopener\"><u>SENADO<\/u><\/a>). O Tribunal Regional Federal da 2\u00aa Regi\u00e3o extinguiu por unanimidade uma a\u00e7\u00e3o popular movida contra a ex-presidente Dilma Rousseff (PT) em 2016 pedindo que ela reembolsasse os cofres p\u00fablicos pelos preju\u00edzos causados por pedaladas fiscais (<a target=\"_blank\" href=\"https:\/\/noticias.uol.com.br\/politica\/ultimas-noticias\/2022\/03\/27\/acao-dilma-pedaladas-extincao.htm\" rel=\"noreferrer noopener\"><u>UOL<\/u><\/a>).<\/p>\n\n\n\n<p id=\"viewer-6sknt\">Desta forma, apesar do processo de impeachment seguir rigorosamente os tr\u00e2mites legais e constitucionais, foi um julgamento pol\u00edtico dentro da Lei. Mas quando se considera o m\u00e9rito e a Hist\u00f3ria, todo governo eleito democraticamente que se interrompe por outras for\u00e7as pol\u00edticas, pode ser interpretado como golpe.<\/p>\n\n\n\n<p id=\"viewer-9poeh\"><strong>E voc\u00ea? o que acha? Foi Golpe ou N\u00e3o Foi?<\/strong><\/p>\n\n\n\n<p class=\"has-text-align-center\"><strong><a href=\"http:\/\/contexto.inf.br\">@profsta #profsta @contexto.inf<\/a><\/strong><\/p>\n","protected":false},"excerpt":{"rendered":"<div class=\"mh-excerpt\"><p> <a class=\"mh-excerpt-more\" href=\"https:\/\/contexto.inf.br\/?p=766\" title=\"Lula tem 1\u00ba Pedido de Impeachment Registrado\"><\/a><\/p>\n<\/div>","protected":false},"author":2,"featured_media":767,"comment_status":"open","ping_status":"open","sticky":false,"template":"","format":"standard","meta":{"footnotes":""},"categories":[18,6,15,5,31,32],"tags":[],"class_list":{"0":"post-766","1":"post","2":"type-post","3":"status-publish","4":"format-standard","5":"has-post-thumbnail","7":"category-demografia","8":"category-direitos-sociais","9":"category-justica","10":"category-politica","11":"category-_destaque","12":"category-_em-foco"},"_links":{"self":[{"href":"https:\/\/contexto.inf.br\/index.php?rest_route=\/wp\/v2\/posts\/766","targetHints":{"allow":["GET"]}}],"collection":[{"href":"https:\/\/contexto.inf.br\/index.php?rest_route=\/wp\/v2\/posts"}],"about":[{"href":"https:\/\/contexto.inf.br\/index.php?rest_route=\/wp\/v2\/types\/post"}],"author":[{"embeddable":true,"href":"https:\/\/contexto.inf.br\/index.php?rest_route=\/wp\/v2\/users\/2"}],"replies":[{"embeddable":true,"href":"https:\/\/contexto.inf.br\/index.php?rest_route=%2Fwp%2Fv2%2Fcomments&post=766"}],"version-history":[{"count":1,"href":"https:\/\/contexto.inf.br\/index.php?rest_route=\/wp\/v2\/posts\/766\/revisions"}],"predecessor-version":[{"id":768,"href":"https:\/\/contexto.inf.br\/index.php?rest_route=\/wp\/v2\/posts\/766\/revisions\/768"}],"wp:featuredmedia":[{"embeddable":true,"href":"https:\/\/contexto.inf.br\/index.php?rest_route=\/wp\/v2\/media\/767"}],"wp:attachment":[{"href":"https:\/\/contexto.inf.br\/index.php?rest_route=%2Fwp%2Fv2%2Fmedia&parent=766"}],"wp:term":[{"taxonomy":"category","embeddable":true,"href":"https:\/\/contexto.inf.br\/index.php?rest_route=%2Fwp%2Fv2%2Fcategories&post=766"},{"taxonomy":"post_tag","embeddable":true,"href":"https:\/\/contexto.inf.br\/index.php?rest_route=%2Fwp%2Fv2%2Ftags&post=766"}],"curies":[{"name":"wp","href":"https:\/\/api.w.org\/{rel}","templated":true}]}}