{"id":775,"date":"2024-07-17T18:54:54","date_gmt":"2024-07-17T21:54:54","guid":{"rendered":"https:\/\/contexto.inf.br\/?p=775"},"modified":"2024-07-17T18:54:55","modified_gmt":"2024-07-17T21:54:55","slug":"tce-pr-recomenda-terra-boa-deve-retomar-2-obras-em-6-meses","status":"publish","type":"post","link":"https:\/\/contexto.inf.br\/?p=775","title":{"rendered":"TCE-PR Recomenda: Terra Boa deve Retomar 2 Obras em 6 Meses"},"content":{"rendered":"<div class=\"wp-block-image\">\n<figure class=\"alignleft size-full is-resized\"><img loading=\"lazy\" decoding=\"async\" width=\"315\" height=\"315\" src=\"https:\/\/contexto.inf.br\/wp-content\/uploads\/2024\/07\/image-228.png\" alt=\"\" class=\"wp-image-776\" style=\"width:324px;height:auto\" srcset=\"https:\/\/contexto.inf.br\/wp-content\/uploads\/2024\/07\/image-228.png 315w, https:\/\/contexto.inf.br\/wp-content\/uploads\/2024\/07\/image-228-300x300.png 300w, https:\/\/contexto.inf.br\/wp-content\/uploads\/2024\/07\/image-228-150x150.png 150w\" sizes=\"auto, (max-width: 315px) 100vw, 315px\" \/><\/figure>\n<\/div>\n\n\n<p>2 de fev. de 2023 &#8211; TCE-PR recomenda a Terra Boa adotar provid\u00eancias para retomar obras paradas.<\/p>\n\n\n\n<p id=\"viewer-c8of4\">O Pleno do Tribunal de Contas do Estado (TCE-PR) recomendou que, dentro de seis meses, a Prefeitura de Terra Boa adote provid\u00eancias para dar in\u00edcio \u00e0 retomada de duas obras paralisadas nesse munic\u00edpio da Regi\u00e3o Norte do Paran\u00e1.<\/p>\n\n\n\n<p id=\"viewer-17dga\">A medida foi sugerida pela Coordenadoria de Obras P\u00fablicas (COP) da Corte, ap\u00f3s a unidade t\u00e9cnica do \u00f3rg\u00e3o de controle realizar auditoria sobre o assunto junto ao munic\u00edpio. A atividade foi promovida no \u00e2mbito do Plano Anual de Fiscaliza\u00e7\u00e3o (PAF) de 2022 do Tribunal.<\/p>\n\n\n\n<p id=\"viewer-a4ecg\">Conforme o relat\u00f3rio resultante da a\u00e7\u00e3o, esta teve como objetivo a &#8220;fiscaliza\u00e7\u00e3o das obras paralisadas, de modo a realizar o aproveitamento dos recursos j\u00e1 investidos para que, a partir de ent\u00e3o, a popula\u00e7\u00e3o desfrute do investimento p\u00fablico realizado&#8221;.<\/p>\n\n\n\n<p id=\"viewer-88jk3\">Recomenda\u00e7\u00f5es<\/p>\n\n\n\n<p id=\"viewer-a9dv8\">Como resultado, os auditores da COP verificaram que se encontravam paralisadas as obras &#8220;Meu Campinho Camp\u00e3o&#8221; e de aproveitamento da funda\u00e7\u00e3o destinada a barrac\u00e3o industrial para a constru\u00e7\u00e3o de salas de aula do Centro Municipal de Educa\u00e7\u00e3o Infantil (CMEI) Tia Maria.<\/p>\n\n\n\n<p id=\"viewer-53ts5\">Diante disso, a unidade t\u00e9cnica sugeriu que fosse recomendado \u00e0 prefeitura, no prazo indicado, a elabora\u00e7\u00e3o de procedimentos formais e controles a serem adotados na execu\u00e7\u00e3o das principais atividades relacionadas \u00e0 licita\u00e7\u00e3o de obras p\u00fablicas no Munic\u00edpio de Terra Boa.<\/p>\n\n\n\n<p id=\"viewer-bc8q4\">Tamb\u00e9m foi indicada a cria\u00e7\u00e3o de controles gerenciais para o acompanhamento das diversas etapas das obras municipais (concep\u00e7\u00e3o, licita\u00e7\u00e3o, contrata\u00e7\u00e3o e execu\u00e7\u00e3o) e de seus prazos, de modo a identificar o tempo m\u00e9dio gasto em cada uma delas e avaliar os obst\u00e1culos, como falhas recorrentes em projetos ou itens de execu\u00e7\u00e3o, que possam impactar no andamento regular dos processos, com o estabelecimento adicional de indicadores de gest\u00e3o relativos \u00e0 atividade.<\/p>\n\n\n\n<p id=\"viewer-8pe78\">Por fim, a COP sugeriu a inclus\u00e3o, no Plano Anual de Atividades do Controle Interno municipal, da avalia\u00e7\u00e3o da retomada e conclus\u00e3o das duas obras j\u00e1 citadas, com a inser\u00e7\u00e3o, no Sistema de Informa\u00e7\u00f5es Municipais &#8211; Acompanhamento Mensal (SIM-AM) do TCE-PR, de dados das licita\u00e7\u00f5es, contratos, medi\u00e7\u00f5es e fotografias relacionadas \u00e0s obras em quest\u00e3o.<\/p>\n\n\n\n<p id=\"viewer-f8lb5\">O processo de Homologa\u00e7\u00e3o de Recomenda\u00e7\u00f5es sobre o caso foi relatado pelo ent\u00e3o presidente da Corte, conselheiro Fabio Camargo, que corroborou todas as sugest\u00f5es feitas pela coordenadoria. Os demais membros do \u00f3rg\u00e3o colegiado do TCE-PR acompanharam, de forma un\u00e2nime, o voto do relator na sess\u00e3o de plen\u00e1rio virtual n\u00ba 18\/2022, conclu\u00edda em 8 de dezembro do ano passado. Cabe recurso contra o Ac\u00f3rd\u00e3o n\u00ba 3202\/22 &#8211; Tribunal Pleno, publicado no dia 14 do mesmo m\u00eas, na edi\u00e7\u00e3o n\u00ba 2.892 do Di\u00e1rio Eletr\u00f4nico do TCE-PR (DETC).<\/p>\n\n\n\n<p id=\"viewer-8lecn\">Resolu\u00e7\u00e3o<\/p>\n\n\n\n<p id=\"viewer-fur22\">A partir da vig\u00eancia da Resolu\u00e7\u00e3o n\u00ba 73\/2019 do TCE-PR, todos os procedimentos resultantes de trabalhos fiscalizat\u00f3rios realizados pelo Tribunal t\u00eam como ponto de partida a elabora\u00e7\u00e3o, pela unidade t\u00e9cnica respons\u00e1vel, de um Relat\u00f3rio de Fiscaliza\u00e7\u00e3o. Caso este apresente apenas sugest\u00f5es de medidas para sanar impropriedades encontradas na gest\u00e3o da entidade p\u00fablica em quest\u00e3o, \u00e9 instaurado processo de Homologa\u00e7\u00e3o de Recomenda\u00e7\u00f5es.<\/p>\n\n\n\n<p id=\"viewer-csnju\">A medida tem como objetivo dar maior rapidez \u00e0 implementa\u00e7\u00e3o dessas iniciativas, indicadas apenas nos casos em que n\u00e3o s\u00e3o encontradas irregularidades de maior gravidade, que demandem a emiss\u00e3o de determina\u00e7\u00f5es ou a aplica\u00e7\u00e3o de san\u00e7\u00f5es &#8211; situa\u00e7\u00f5es ainda contempladas pelos processos de Representa\u00e7\u00e3o e Tomada de Contas Extraordin\u00e1ria.<\/p>\n\n\n\n<p class=\"has-text-align-center\"><strong><a href=\"http:\/\/contexto.inf.br\">@profsta #profsta @contexto.inf<\/a><\/strong><\/p>\n","protected":false},"excerpt":{"rendered":"<div class=\"mh-excerpt\"><p> <a class=\"mh-excerpt-more\" href=\"https:\/\/contexto.inf.br\/?p=775\" title=\"TCE-PR Recomenda: Terra Boa deve Retomar 2 Obras em 6 Meses\"><\/a><\/p>\n<\/div>","protected":false},"author":2,"featured_media":776,"comment_status":"open","ping_status":"open","sticky":false,"template":"","format":"standard","meta":{"footnotes":""},"categories":[6,15,3,5,31,32],"tags":[],"class_list":{"0":"post-775","1":"post","2":"type-post","3":"status-publish","4":"format-standard","5":"has-post-thumbnail","7":"category-direitos-sociais","8":"category-justica","9":"category-parana","10":"category-politica","11":"category-_destaque","12":"category-_em-foco"},"_links":{"self":[{"href":"https:\/\/contexto.inf.br\/index.php?rest_route=\/wp\/v2\/posts\/775","targetHints":{"allow":["GET"]}}],"collection":[{"href":"https:\/\/contexto.inf.br\/index.php?rest_route=\/wp\/v2\/posts"}],"about":[{"href":"https:\/\/contexto.inf.br\/index.php?rest_route=\/wp\/v2\/types\/post"}],"author":[{"embeddable":true,"href":"https:\/\/contexto.inf.br\/index.php?rest_route=\/wp\/v2\/users\/2"}],"replies":[{"embeddable":true,"href":"https:\/\/contexto.inf.br\/index.php?rest_route=%2Fwp%2Fv2%2Fcomments&post=775"}],"version-history":[{"count":1,"href":"https:\/\/contexto.inf.br\/index.php?rest_route=\/wp\/v2\/posts\/775\/revisions"}],"predecessor-version":[{"id":777,"href":"https:\/\/contexto.inf.br\/index.php?rest_route=\/wp\/v2\/posts\/775\/revisions\/777"}],"wp:featuredmedia":[{"embeddable":true,"href":"https:\/\/contexto.inf.br\/index.php?rest_route=\/wp\/v2\/media\/776"}],"wp:attachment":[{"href":"https:\/\/contexto.inf.br\/index.php?rest_route=%2Fwp%2Fv2%2Fmedia&parent=775"}],"wp:term":[{"taxonomy":"category","embeddable":true,"href":"https:\/\/contexto.inf.br\/index.php?rest_route=%2Fwp%2Fv2%2Fcategories&post=775"},{"taxonomy":"post_tag","embeddable":true,"href":"https:\/\/contexto.inf.br\/index.php?rest_route=%2Fwp%2Fv2%2Ftags&post=775"}],"curies":[{"name":"wp","href":"https:\/\/api.w.org\/{rel}","templated":true}]}}