{"id":796,"date":"2024-07-17T19:15:15","date_gmt":"2024-07-17T22:15:15","guid":{"rendered":"https:\/\/contexto.inf.br\/?p=796"},"modified":"2024-07-17T19:15:16","modified_gmt":"2024-07-17T22:15:16","slug":"volta-as-aulas-2023-cianorte","status":"publish","type":"post","link":"https:\/\/contexto.inf.br\/?p=796","title":{"rendered":"Volta \u00e0s Aulas 2023 Cianorte"},"content":{"rendered":"<div class=\"wp-block-image\">\n<figure class=\"alignleft size-full is-resized\"><img loading=\"lazy\" decoding=\"async\" width=\"493\" height=\"493\" src=\"https:\/\/contexto.inf.br\/wp-content\/uploads\/2024\/07\/image-235.png\" alt=\"\" class=\"wp-image-797\" style=\"width:336px;height:auto\" srcset=\"https:\/\/contexto.inf.br\/wp-content\/uploads\/2024\/07\/image-235.png 493w, https:\/\/contexto.inf.br\/wp-content\/uploads\/2024\/07\/image-235-300x300.png 300w, https:\/\/contexto.inf.br\/wp-content\/uploads\/2024\/07\/image-235-150x150.png 150w\" sizes=\"auto, (max-width: 493px) 100vw, 493px\" \/><\/figure>\n<\/div>\n\n\n<p>6 de fev. de 2023 &#8211; A Revista CiaFm deste S\u00e1bado 4\/fev\/23 entrevistou a nova Secret\u00e1ria Municipal de Educa\u00e7\u00e3o de Cianorte, a senhora Jakeline Pl\u00e1cido Marcon. A entrevista ao vivo na Revista CiaFm de S\u00e1bado, agora est\u00e1 dispon\u00edvel em V\u00eddeo no Bisbi Not\u00edcias e no Bisbi Play.<\/p>\n\n\n\n<p id=\"viewer-b0fum\">Jakeline \u00e9 mestre em Educa\u00e7\u00e3o, j\u00e1 atuou em redes privadas, estadual e hoje tem concurso de Professora na rede municipal de Cianorte, nste ano tem lota\u00e7\u00e3o na Escola Castro Alves. H\u00e1 meses atuava na pasta de planejamento da secretaria municipal de Educa\u00e7\u00e3o de Cianorte e neste m\u00eas de Janeiro de 2023, assumiu a titularidade da pasta.<\/p>\n\n\n\n<p id=\"viewer-ftboj\">Entre os projetos e an\u00fancios revelados na Revista CiaFm em di\u00e1logo descontra\u00eddo e leve com Stallone Ribeiro, Jakeline falou sobre projeto de Rob\u00f3tica, Literatura, Ingl\u00eas e novas obras.<\/p>\n\n\n\n<p id=\"viewer-5cvne\">O projeto de Rob\u00f3tica vai ser ampliado para todas as turmas de 3\u00b0s, 4\u00b0s e 5\u00b0s Anos das Escolas Municipais com kits de Lego, Rob\u00f3tica e computadores.<\/p>\n\n\n\n<p id=\"viewer-4f70h\">O projeto de Literarura estar\u00e1 presente em todas as turmas dos CMEIs com livros escolhidos conforme a idade de cada turma para incluir cl\u00e1ssicos liter\u00e1rios e ajudar no desenvolvimento infantil.<\/p>\n\n\n\n<p id=\"viewer-6h2k2\">Neste ano, todas as s\u00e9ries de 1\u00b0 ao 5\u00b0 Ano das Escolas Municipais ter\u00e3o Aulas de Ingl\u00eas. Um passo para em breve ter uma Escola Municipal, P\u00fablica, Gratuita e Bil\u00edngue.<\/p>\n\n\n\n<p id=\"viewer-5so5m\">Sobre obras, foi confirmada a amplia\u00e7\u00e3o em 100% (o dobro) da Escola Municipal L\u00facia Moro, a constru\u00e7\u00e3o de uma Nova Escola no Parque das Na\u00e7\u00f5es com possibilidade de se tornar escola de tempo integral. E que a Escola Municipal Ernesto Geisel, em S\u00e3o Louren\u00e7o, como previs\u00e3o de entrega em Mar\u00e7o de 2022 teve desist\u00eancia da empresa e que uma nova licita\u00e7\u00e3o est\u00e1 em andamento.<\/p>\n\n\n\n<p id=\"viewer-6d612\">Outra novidade \u00e9 a primeira Escola Municipal Integral em Cianorte, a Escola Liomar Gomes, na zona 3, pr\u00f3xima a UPA e pra\u00e7a ol\u00edmpica. S\u00e3o 5 turmas as pioneiras com o modelo de Escola Integral em parceria com o Col\u00e9gio Estadual Itacelina Bittencourt. Como h\u00e1 dualidade de espa\u00e7o f\u00edsico, as duas Escolas iniciam o ano no modelo de Educa\u00e7\u00e3o Integral como curr\u00edculo diversificado e garantia de merenda e almo\u00e7o.<\/p>\n\n\n\n<p id=\"viewer-3l1rq\">Pra voc\u00ea ouvir, assistir, entender, comentar e compartilhar, basta clicar aqui no v\u00eddeo.<\/p>\n\n\n\n<p id=\"viewer-fcnof\">Revista CiaFm e Bisbi Not\u00edcias \u00e9 Informa\u00e7\u00e3o na Comunica\u00e7\u00e3o. Sobre apresenta\u00e7\u00e3o de Stallone Ribeiro tem not\u00edcias, coment\u00e1rios, dicas culturais, entrevistas e muito mais! Pra voc\u00ea ficar ligado e bem informado \u00e9 na Revista CiaFm todo s\u00e1bado 12h e no Bisbi Not\u00edcias.<\/p>\n\n\n\n<p class=\"has-text-align-center\"><strong><a href=\"http:\/\/contexto.inf.br\">@profsta #profsta @contexto.inf<\/a><\/strong><\/p>\n\n\n\n<figure class=\"wp-block-embed aligncenter is-type-video is-provider-youtube wp-block-embed-youtube wp-embed-aspect-16-9 wp-has-aspect-ratio\"><div class=\"wp-block-embed__wrapper\">\n<iframe loading=\"lazy\" title=\"Volta \u00e0s Aulas 2023 Cianorte\" width=\"500\" height=\"281\" src=\"https:\/\/www.youtube.com\/embed\/Z9hdUW3VFg8?feature=oembed\" frameborder=\"0\" allow=\"accelerometer; autoplay; clipboard-write; encrypted-media; gyroscope; picture-in-picture; web-share\" referrerpolicy=\"strict-origin-when-cross-origin\" allowfullscreen><\/iframe>\n<\/div><\/figure>\n","protected":false},"excerpt":{"rendered":"<div class=\"mh-excerpt\"><p> <a class=\"mh-excerpt-more\" href=\"https:\/\/contexto.inf.br\/?p=796\" title=\"Volta \u00e0s Aulas 2023 Cianorte\"><\/a><\/p>\n<\/div>","protected":false},"author":2,"featured_media":797,"comment_status":"open","ping_status":"open","sticky":false,"template":"","format":"standard","meta":{"footnotes":""},"categories":[2,10,1,6,8,13,30,5,26,31,32],"tags":[],"class_list":{"0":"post-796","1":"post","2":"type-post","3":"status-publish","4":"format-standard","5":"has-post-thumbnail","7":"category-cianorte","8":"category-cultura","9":"category-dicas-culturais","10":"category-direitos-sociais","11":"category-educacao","12":"category-entrevista","13":"category-mulheres","14":"category-politica","15":"category-promocao-social","16":"category-_destaque","17":"category-_em-foco"},"_links":{"self":[{"href":"https:\/\/contexto.inf.br\/index.php?rest_route=\/wp\/v2\/posts\/796","targetHints":{"allow":["GET"]}}],"collection":[{"href":"https:\/\/contexto.inf.br\/index.php?rest_route=\/wp\/v2\/posts"}],"about":[{"href":"https:\/\/contexto.inf.br\/index.php?rest_route=\/wp\/v2\/types\/post"}],"author":[{"embeddable":true,"href":"https:\/\/contexto.inf.br\/index.php?rest_route=\/wp\/v2\/users\/2"}],"replies":[{"embeddable":true,"href":"https:\/\/contexto.inf.br\/index.php?rest_route=%2Fwp%2Fv2%2Fcomments&post=796"}],"version-history":[{"count":1,"href":"https:\/\/contexto.inf.br\/index.php?rest_route=\/wp\/v2\/posts\/796\/revisions"}],"predecessor-version":[{"id":798,"href":"https:\/\/contexto.inf.br\/index.php?rest_route=\/wp\/v2\/posts\/796\/revisions\/798"}],"wp:featuredmedia":[{"embeddable":true,"href":"https:\/\/contexto.inf.br\/index.php?rest_route=\/wp\/v2\/media\/797"}],"wp:attachment":[{"href":"https:\/\/contexto.inf.br\/index.php?rest_route=%2Fwp%2Fv2%2Fmedia&parent=796"}],"wp:term":[{"taxonomy":"category","embeddable":true,"href":"https:\/\/contexto.inf.br\/index.php?rest_route=%2Fwp%2Fv2%2Fcategories&post=796"},{"taxonomy":"post_tag","embeddable":true,"href":"https:\/\/contexto.inf.br\/index.php?rest_route=%2Fwp%2Fv2%2Ftags&post=796"}],"curies":[{"name":"wp","href":"https:\/\/api.w.org\/{rel}","templated":true}]}}