{"id":819,"date":"2024-07-17T19:39:44","date_gmt":"2024-07-17T22:39:44","guid":{"rendered":"https:\/\/contexto.inf.br\/?p=819"},"modified":"2024-07-17T19:39:45","modified_gmt":"2024-07-17T22:39:45","slug":"ponte-interditada-estrada-quilombo-x-noroeste-e-av-ceara-zona-4","status":"publish","type":"post","link":"https:\/\/contexto.inf.br\/?p=819","title":{"rendered":"Ponte Interditada! Estrada Quilombo x Noroeste e Av Cear\u00e1 &#8211; zona 4"},"content":{"rendered":"<div class=\"wp-block-image\">\n<figure class=\"alignleft size-full is-resized\"><img loading=\"lazy\" decoding=\"async\" width=\"233\" height=\"156\" src=\"https:\/\/contexto.inf.br\/wp-content\/uploads\/2024\/07\/image-242.png\" alt=\"\" class=\"wp-image-820\" style=\"width:330px;height:auto\"\/><\/figure>\n<\/div>\n\n\n<p id=\"viewer-7s1pl\">17 de fev. de 2023 &#8211; Quem usa a Estrada Quilombo, Estrada Noroeste e final da Avenida Cear\u00e1 na zona 4 de Cianorte deve ficar atento ao bloqueio da ponte, interditada por quest\u00f5es de seguran\u00e7a.<\/p>\n\n\n\n<p id=\"viewer-b5dvu\">As fortes e volumosas chuvas dos \u00faltimos dias causaram danos \u00e0 estrutura da ponte. Nossos solos arenosos s\u00e3o f\u00e1ceis de erodir e com grande volume de \u00e1guas das chuvas e nos rios, barrancos marginais e cabeceiras de pontes podem ceder. \u00c9 o que aconteceu: ind\u00edcios de eros\u00e3o e desmoronamento da estrutura da ponte sobre o c\u00f3rrego Cristalino.<\/p>\n\n\n\n<p id=\"viewer-6539e\">Para desvios e acessar a estrada Quilombo \u00e9 preciso passar pela Rodovia Vereador Jos\u00e9 da Silva (sentido distrito de Vidigal). E para acessar a estrada Noroeste, o desvio deve ser pela PR323 e n\u00e3o pela Avenida Cear\u00e1. A seguir algumas fotos do local e mapa de como pegar o desvio.<\/p>\n\n\n\n<p id=\"viewer-fep2c\">A ponte que liga a Estrada Noroeste (portal da Pr323) \u00e0 estrada Quilombo e Avenida Cear\u00e1, na zona 4 de Cianorte passou a ter tr\u00e1fego intenso ap\u00f3s o asfaltamento das via rurais. Trabalhadores das ind\u00fastrias e shopping atacadista de moda na Pr323 s\u00e3o os principais usu\u00e1rios di\u00e1rios da via, al\u00e9m de moradores rurais e do bairro no Leste de Cianorte.<\/p>\n\n\n\n<p id=\"viewer-4r35c\">Estreita e \u00fatil apenas a um ve\u00edculo por vez, a ponte de pista simples sobre o c\u00f3rrego Cristalino e encontro do riacho Guassup\u00e9 tinha previs\u00e3o de reforma e duplica\u00e7\u00e3o h\u00e1 tempos. Por quest\u00f5es or\u00e7ament\u00e1rias e licenciamentos ambientais a obra ainda n\u00e3o foi iniciada, pois \u00e9 cara e passa pelo Parque Cintur\u00e3o Verde, Unidade de Conserva\u00e7\u00e3o de Prote\u00e7\u00e3o Integral.<\/p>\n\n\n\n<p id=\"viewer-qno5\">Agora com o dano estrutural devido as chuvas intensas, \u00e9 uma obra de urg\u00eancia e emerg\u00eancia, tamb\u00e9m uma \u00f3tima oportunidade de acelerar uma nova ponte, segura e que permita duas pistas para dinamizar o fluxo de ve\u00edculos, ciclistas e pedestres com seguran\u00e7a.<\/p>\n\n\n\n<p id=\"viewer-eih6t\">Consultada, a assessoria de comunica\u00e7\u00e3o da prefeitura de Cianorte disse que n\u00e3o h\u00e1 previs\u00e3o de quando a ponte ser\u00e1 reformada nem liberada.<\/p>\n\n\n\n<p class=\"has-text-align-center\" id=\"viewer-79fkk\"><strong><a href=\"http:\/\/contexto.inf.br\">@profsta #profsta @contexto.inf<\/a><\/strong><\/p>\n\n\n\n<p class=\"has-text-align-right\" id=\"viewer-28dll\">Prefeitura de Cianorte<\/p>\n\n\n<div class=\"wp-block-image\">\n<figure class=\"alignleft\"><img decoding=\"async\" src=\"https:\/\/static.wixstatic.com\/media\/84fe8b_8f5ba0bb802e41c38fef51dc12d204ea~mv2.jpg\/v1\/fill\/w_233,h_347,al_c,q_80,usm_0.66_1.00_0.01,enc_auto\/84fe8b_8f5ba0bb802e41c38fef51dc12d204ea~mv2.jpg\" alt=\"\"\/><\/figure>\n<\/div>\n\n\n<figure class=\"wp-block-image\"><img decoding=\"async\" src=\"https:\/\/static.wixstatic.com\/media\/84fe8b_a753667bdddf4c49b0b50af91ecd408c~mv2.jpg\/v1\/fill\/w_233,h_156,al_c,q_80,usm_0.66_1.00_0.01,enc_auto\/84fe8b_a753667bdddf4c49b0b50af91ecd408c~mv2.jpg\" alt=\"\"\/><\/figure>\n\n\n\n<figure class=\"wp-block-image\"><img decoding=\"async\" src=\"https:\/\/static.wixstatic.com\/media\/84fe8b_83d09f1e952e46dbafdd812f1f6199ea~mv2.jpg\/v1\/fill\/w_233,h_157,al_c,q_80,usm_0.66_1.00_0.01,enc_auto\/84fe8b_83d09f1e952e46dbafdd812f1f6199ea~mv2.jpg\" alt=\"\"\/><\/figure>\n","protected":false},"excerpt":{"rendered":"<div class=\"mh-excerpt\"><p> <a class=\"mh-excerpt-more\" href=\"https:\/\/contexto.inf.br\/?p=819\" title=\"Ponte Interditada! Estrada Quilombo x Noroeste e Av Cear\u00e1 &#8211; zona 4\"><\/a><\/p>\n<\/div>","protected":false},"author":2,"featured_media":820,"comment_status":"open","ping_status":"open","sticky":false,"template":"","format":"standard","meta":{"footnotes":""},"categories":[2,34,11,17,36,31,32],"tags":[],"class_list":{"0":"post-819","1":"post","2":"type-post","3":"status-publish","4":"format-standard","5":"has-post-thumbnail","7":"category-cianorte","8":"category-diversidade","9":"category-infraestruturas","10":"category-seguranca","11":"category-transito","12":"category-_destaque","13":"category-_em-foco"},"_links":{"self":[{"href":"https:\/\/contexto.inf.br\/index.php?rest_route=\/wp\/v2\/posts\/819","targetHints":{"allow":["GET"]}}],"collection":[{"href":"https:\/\/contexto.inf.br\/index.php?rest_route=\/wp\/v2\/posts"}],"about":[{"href":"https:\/\/contexto.inf.br\/index.php?rest_route=\/wp\/v2\/types\/post"}],"author":[{"embeddable":true,"href":"https:\/\/contexto.inf.br\/index.php?rest_route=\/wp\/v2\/users\/2"}],"replies":[{"embeddable":true,"href":"https:\/\/contexto.inf.br\/index.php?rest_route=%2Fwp%2Fv2%2Fcomments&post=819"}],"version-history":[{"count":1,"href":"https:\/\/contexto.inf.br\/index.php?rest_route=\/wp\/v2\/posts\/819\/revisions"}],"predecessor-version":[{"id":821,"href":"https:\/\/contexto.inf.br\/index.php?rest_route=\/wp\/v2\/posts\/819\/revisions\/821"}],"wp:featuredmedia":[{"embeddable":true,"href":"https:\/\/contexto.inf.br\/index.php?rest_route=\/wp\/v2\/media\/820"}],"wp:attachment":[{"href":"https:\/\/contexto.inf.br\/index.php?rest_route=%2Fwp%2Fv2%2Fmedia&parent=819"}],"wp:term":[{"taxonomy":"category","embeddable":true,"href":"https:\/\/contexto.inf.br\/index.php?rest_route=%2Fwp%2Fv2%2Fcategories&post=819"},{"taxonomy":"post_tag","embeddable":true,"href":"https:\/\/contexto.inf.br\/index.php?rest_route=%2Fwp%2Fv2%2Ftags&post=819"}],"curies":[{"name":"wp","href":"https:\/\/api.w.org\/{rel}","templated":true}]}}