{"id":836,"date":"2024-07-17T19:55:41","date_gmt":"2024-07-17T22:55:41","guid":{"rendered":"https:\/\/contexto.inf.br\/?p=836"},"modified":"2024-07-17T19:55:43","modified_gmt":"2024-07-17T22:55:43","slug":"camara-de-vereadores-de-cianorte-agora-tem-sessoes-em-novo-horario","status":"publish","type":"post","link":"https:\/\/contexto.inf.br\/?p=836","title":{"rendered":"C\u00e2mara de Vereadores de Cianorte Agora tem Sess\u00f5es em Novo Hor\u00e1rio"},"content":{"rendered":"<div class=\"wp-block-image\">\n<figure class=\"alignleft size-full is-resized\"><img loading=\"lazy\" decoding=\"async\" width=\"233\" height=\"259\" src=\"https:\/\/contexto.inf.br\/wp-content\/uploads\/2024\/07\/image-248.png\" alt=\"\" class=\"wp-image-838\" style=\"width:330px;height:auto\"\/><\/figure>\n<\/div>\n\n\n<p>23 de fev. de 2023 &#8211; As sess\u00f5es da C\u00e2mara de Vereadores de Cianorte agora tem novo hor\u00e1rio de in\u00edcio, n\u00e3o mais \u00e0s 19h e sim \u00e0s 17h30.<\/p>\n\n\n\n<p id=\"viewer-66mbt\">A mudan\u00e7a foi proposta de modo conjunto por todos os vereadores e aprovada de modo un\u00e2nime com objetivo de otimizar o hor\u00e1rio de expediente.<\/p>\n\n\n\n<p id=\"viewer-2kuq\">Tamb\u00e9m foi estabelecido o prazo m\u00e1ximo de 3 horas por sess\u00e3o. Desta forma o hor\u00e1rio m\u00e1ximo previsto para encerramento das sess\u00f5es ser\u00e1 at\u00e9 20h30.<\/p>\n\n\n\n<p id=\"viewer-a57u2\"><strong>O que voc\u00ea acha desta mudan\u00e7a?<\/strong><\/p>\n\n\n\n<p id=\"viewer-b6tv4\">Em conversas com cidad\u00e3os cianortenses, muitos ficaram surpresos com a mudan\u00e7a. Apesar desta mudan\u00e7a ser debatida na \u00faltima sess\u00e3o legislativa desta 4\u00aafeira (22\/2) ap\u00f3s o carnaval e da autonomia administrativa e de conte\u00fados ou temas em debate, era esperada que o tema fosse apreciado e levado ao debate popular, uma vez que a C\u00e2mara Legislativa de vereadores de Cianorte \u00e9 uma inst\u00e2ncia coletiva de representa\u00e7\u00e3o de nossa sociedade.<\/p>\n\n\n\n<p id=\"viewer-dldhc\">Entre os coment\u00e1rios falados e at\u00e9 escritos, um deles \u00e9: &#8220;<strong>Que maravilha. Se j\u00e1 era dif\u00edcil a popula\u00e7\u00e3o se fazer presente no hor\u00e1rio antigo, agora piorou.<\/strong>&#8220;<\/p>\n\n\n\n<p id=\"viewer-3f15o\">Esta mudan\u00e7a de hor\u00e1rio pode beneficiar a rotina dos vereadores e funcion\u00e1rios agora em 2023, mas afasta ainda mais a pequena e dif\u00edcil participa\u00e7\u00e3o popular, uma vez que a maioria dos cidad\u00e3os est\u00e3o em hor\u00e1rios de trabalho. Em 1992, 31 anos atr\u00e1s, os vereadores cianortenses buscaram meios de elevar a participa\u00e7\u00e3o popular e efetivar a democracia e assim definiram o hor\u00e1rio de sess\u00f5es \u00e0s 19h. Nos \u00faltimos 5 anos al\u00e9m de manter o hor\u00e1rio de sess\u00f5es a noite, foi tamb\u00e9m iniciada, avaliada e mantidas as transmiss\u00f5es das sess\u00f5es pelas redes sociais para que todos possam acompanhar e rever os posicionamentos e debates de projetos importantes aos cidad\u00e3os.<\/p>\n\n\n\n<p id=\"viewer-aq57m\">Agora em 2023, a mudan\u00e7a repentina dos hor\u00e1rios das sess\u00f5es, apesar de legal no tr\u00e2mite interno da C\u00e2mara, reduz a possibilidade de participa\u00e7\u00e3o popular e aumenta a dist\u00e2ncia entre vereadores e cidad\u00e3os.<\/p>\n\n\n\n<p id=\"viewer-9i7m5\">Por fim, sobre a mudan\u00e7a do hor\u00e1rio das sess\u00f5es da C\u00e2mara de Vereadores de Cianorte sair das 19h e passar para 17h30:  <strong>O que voc\u00ea acha desta mudan\u00e7a?<\/strong><\/p>\n\n\n\n<p class=\"has-text-align-center\"><strong><a href=\"http:\/\/contexto.inf.br\">@profsta #profsta @contexto.inf<\/a><\/strong><\/p>\n","protected":false},"excerpt":{"rendered":"<div class=\"mh-excerpt\"><p> <a class=\"mh-excerpt-more\" href=\"https:\/\/contexto.inf.br\/?p=836\" title=\"C\u00e2mara de Vereadores de Cianorte Agora tem Sess\u00f5es em Novo Hor\u00e1rio\"><\/a><\/p>\n<\/div>","protected":false},"author":2,"featured_media":838,"comment_status":"open","ping_status":"open","sticky":false,"template":"","format":"standard","meta":{"footnotes":""},"categories":[2,18,6,5,31,32],"tags":[],"class_list":{"0":"post-836","1":"post","2":"type-post","3":"status-publish","4":"format-standard","5":"has-post-thumbnail","7":"category-cianorte","8":"category-demografia","9":"category-direitos-sociais","10":"category-politica","11":"category-_destaque","12":"category-_em-foco"},"_links":{"self":[{"href":"https:\/\/contexto.inf.br\/index.php?rest_route=\/wp\/v2\/posts\/836","targetHints":{"allow":["GET"]}}],"collection":[{"href":"https:\/\/contexto.inf.br\/index.php?rest_route=\/wp\/v2\/posts"}],"about":[{"href":"https:\/\/contexto.inf.br\/index.php?rest_route=\/wp\/v2\/types\/post"}],"author":[{"embeddable":true,"href":"https:\/\/contexto.inf.br\/index.php?rest_route=\/wp\/v2\/users\/2"}],"replies":[{"embeddable":true,"href":"https:\/\/contexto.inf.br\/index.php?rest_route=%2Fwp%2Fv2%2Fcomments&post=836"}],"version-history":[{"count":1,"href":"https:\/\/contexto.inf.br\/index.php?rest_route=\/wp\/v2\/posts\/836\/revisions"}],"predecessor-version":[{"id":839,"href":"https:\/\/contexto.inf.br\/index.php?rest_route=\/wp\/v2\/posts\/836\/revisions\/839"}],"wp:featuredmedia":[{"embeddable":true,"href":"https:\/\/contexto.inf.br\/index.php?rest_route=\/wp\/v2\/media\/838"}],"wp:attachment":[{"href":"https:\/\/contexto.inf.br\/index.php?rest_route=%2Fwp%2Fv2%2Fmedia&parent=836"}],"wp:term":[{"taxonomy":"category","embeddable":true,"href":"https:\/\/contexto.inf.br\/index.php?rest_route=%2Fwp%2Fv2%2Fcategories&post=836"},{"taxonomy":"post_tag","embeddable":true,"href":"https:\/\/contexto.inf.br\/index.php?rest_route=%2Fwp%2Fv2%2Ftags&post=836"}],"curies":[{"name":"wp","href":"https:\/\/api.w.org\/{rel}","templated":true}]}}