{"id":854,"date":"2024-07-17T20:15:29","date_gmt":"2024-07-17T23:15:29","guid":{"rendered":"https:\/\/contexto.inf.br\/?p=854"},"modified":"2024-07-17T20:15:30","modified_gmt":"2024-07-17T23:15:30","slug":"federacoes-partidarias-e-o-rascunho-politico-do-brasil-2024","status":"publish","type":"post","link":"https:\/\/contexto.inf.br\/?p=854","title":{"rendered":"Federa\u00e7\u00f5es Partid\u00e1rias e o Rascunho Pol\u00edtico do Brasil 2024"},"content":{"rendered":"<div class=\"wp-block-image\">\n<figure class=\"alignleft size-full is-resized\"><img loading=\"lazy\" decoding=\"async\" width=\"233\" height=\"233\" src=\"https:\/\/contexto.inf.br\/wp-content\/uploads\/2024\/07\/image-253.png\" alt=\"\" class=\"wp-image-855\" style=\"width:337px;height:auto\" srcset=\"https:\/\/contexto.inf.br\/wp-content\/uploads\/2024\/07\/image-253.png 233w, https:\/\/contexto.inf.br\/wp-content\/uploads\/2024\/07\/image-253-150x150.png 150w\" sizes=\"auto, (max-width: 233px) 100vw, 233px\" \/><\/figure>\n<\/div>\n\n\n<p class=\"wp-block-paragraph\">1 de mar. de 2023 &#8211; O tema <strong>Elei\u00e7\u00f5es<\/strong> n\u00e3o sai da cabe\u00e7a e est\u00e1 na ponta da l\u00edngua de muita gente. Apesar de alguns falarem que n\u00e3o gostam de pol\u00edtica, a pol\u00edtica est\u00e1 em tudo e todo lugar a todo momento, pois no Brasil a cada 2 anos temos elei\u00e7\u00f5es e 2024 \u00e9 logo al\u00ed.<\/p>\n\n\n\n<p class=\"wp-block-paragraph\" id=\"viewer-e4rki\">Por isso Stallone Ribeiro (@profsta), atrav\u00e9s da <a href=\"http:\/\/ciafm959.com\/\" target=\"_blank\" rel=\"noreferrer noopener\"><u>Revista CiaFm<\/u><\/a>, todo s\u00e1bado 12h entrevista a Prof\u00aa e Dr\u00aa <strong>Eneida Desiree Salgado <\/strong>(@desi.salg), Doutora em Direito do Estado, Professora de Direito Constitucional e de Direito Eleitoral na Universidade Federal do Paran\u00e1 (UFPR), pesquisadora e autora de diversos livros e artigos no Brasil e exterior, tamb\u00e9m candidata ao Senado pelo Paran\u00e1 em 2022.<\/p>\n\n\n\n<p class=\"wp-block-paragraph\" id=\"viewer-eo5bv\">O tema <strong>&#8220;Federa\u00e7\u00f5es Partid\u00e1rias e o Rascunho Pol\u00edtico do Brasil 2024&#8221;<\/strong> \u00e9 essencial para todos os 5568 munic\u00edpios brasileiros que ter\u00e3o Elei\u00e7\u00f5es Municipais para Vereadores e Prefeitos em um ano e transmite em linguagem simples, direta e descontra\u00edda, informa\u00e7\u00f5es relevantes para a organiza\u00e7\u00e3o pol\u00edtica e partid\u00e1ria para quem j\u00e1 est\u00e1 eleito e quem poder\u00e1 ser candidato na pr\u00f3xima disputa.<\/p>\n\n\n\n<p class=\"wp-block-paragraph\" id=\"viewer-6q73o\">As Federa\u00e7\u00f5es Partid\u00e1rias s\u00e3o alian\u00e7as entre partidos que devem durar no m\u00ednimo at\u00e9 2026 e tem efeito cascata a todos os Estados e Munic\u00edpios. Apesar de garantir autonomia ideol\u00f3gica e funcional a cada partido, o funcionamento \u00e9 como se fossem um s\u00f3 e assim as coliga\u00e7\u00f5es para cargos executivos tomam nova din\u00e2mica de negocia\u00e7\u00f5es.<\/p>\n\n\n\n<p class=\"wp-block-paragraph\" id=\"viewer-bbvet\">Cada partido, mesmo que federado, pode recrutar e filiar apoiadores e pr\u00e9-candidatos com autonomia, por\u00e9m as vagas de candidatos oficiais ser\u00e3o por federa\u00e7\u00e3o e n\u00e3o mais por partido nas pr\u00f3ximas Elei\u00e7\u00f5es Municipais em 2024. Antes cada partido tinha sua equipe pr\u00f3pria, agora com as vagas da Federa\u00e7\u00e3o, o n\u00famero absoluto de poss\u00edveis candidatos se reduz e acirra as disputas por vagas na chapas.<\/p>\n\n\n\n<p class=\"wp-block-paragraph\" id=\"viewer-7vi6s\">Hoje s\u00e3o Federa\u00e7\u00f5es oficializadas: PSOL\/Rede; PSDB\/Cidadania; PT\/PV\/PCdoB. Outros partidos estudam formar novas federa\u00e7\u00f5es, fus\u00f5es e at\u00e9 incorpora\u00e7\u00f5es.<\/p>\n\n\n\n<p class=\"wp-block-paragraph\" id=\"viewer-8fb3b\">Quanto aos Vereadores ou Prefeitos j\u00e1 eleitos e em exerc\u00edcios, n\u00e3o h\u00e1 previs\u00e3o legal para troca de partidos devido a federa\u00e7\u00e3o. Apenas uma Fus\u00e3o ou Incorpora\u00e7\u00e3o oficial de partidos pode ser causa justa para sair o partido e conservar o mandato. Aos descontentes com as Federa\u00e7\u00f5es, devem aguardar a Janela Partid\u00e1ria em Mar\u00e7o de 2024, seis meses antes da elei\u00e7\u00e3o municipal.<\/p>\n\n\n\n<p class=\"wp-block-paragraph\" id=\"viewer-a0s3j\">Al\u00e9m dos estatutos dos partidos, h\u00e1 que se estudar tamb\u00e9m os estatutos das federa\u00e7\u00f5es, pois h\u00e1 risco de elevar o mandonismo e centralidade do poder em algumas autoridades e enfraquecer a participa\u00e7\u00e3o e efetiva democracia. Claro que o di\u00e1logo e participa\u00e7\u00e3o podem melhorar a Democracia, entretanto grupos minorit\u00e1rios na pol\u00edtica como Mulheres, Negros e Ind\u00edgenas, por exemplo, precisam buscar efetivar suas participa\u00e7\u00f5es e garantir representatividade nas chapas das federa\u00e7\u00f5es.<\/p>\n\n\n\n<p class=\"wp-block-paragraph\" id=\"viewer-5col3\">Vale cada minuto desta Entrevista super importante de Stallone Ribeiro com a Prof\u00aa e Dr\u00aa Desiree Salgado sobre <strong>&#8220;Federa\u00e7\u00f5es Partid\u00e1rias e o Rascunho Pol\u00edtico do Brasil 2024&#8221;.<\/strong><\/p>\n\n\n\n<p class=\"has-text-align-center wp-block-paragraph\"><strong><a href=\"http:\/\/contexto.inf.br\">@profsta #profsta @contexto.inf<\/a><\/strong><\/p>\n\n\n\n<figure class=\"wp-block-embed aligncenter is-type-video is-provider-youtube wp-block-embed-youtube wp-embed-aspect-16-9 wp-has-aspect-ratio\"><div class=\"wp-block-embed__wrapper\">\n<iframe loading=\"lazy\" title=\"Federa\u00e7\u00f5es Partid\u00e1rias e o Rascunho Pol\u00edtico do Brasil 2024\" width=\"500\" height=\"281\" src=\"https:\/\/www.youtube.com\/embed\/uM4IL8dRwz8?feature=oembed\" frameborder=\"0\" allow=\"accelerometer; autoplay; clipboard-write; encrypted-media; gyroscope; picture-in-picture; web-share\" referrerpolicy=\"strict-origin-when-cross-origin\" allowfullscreen><\/iframe>\n<\/div><\/figure>\n","protected":false},"excerpt":{"rendered":"<div class=\"mh-excerpt\"><p> <a class=\"mh-excerpt-more\" href=\"https:\/\/contexto.inf.br\/?p=854\" title=\"Federa\u00e7\u00f5es Partid\u00e1rias e o Rascunho Pol\u00edtico do Brasil 2024\"><\/a><\/p>\n<\/div>","protected":false},"author":2,"featured_media":855,"comment_status":"open","ping_status":"open","sticky":false,"template":"","format":"standard","meta":{"footnotes":""},"categories":[4,6,34,13,15,30,5,31,32],"tags":[],"class_list":["post-854","post","type-post","status-publish","format-standard","has-post-thumbnail","category-brasil","category-direitos-sociais","category-diversidade","category-entrevista","category-justica","category-mulheres","category-politica","category-_destaque","category-_em-foco"],"_links":{"self":[{"href":"https:\/\/contexto.inf.br\/index.php?rest_route=\/wp\/v2\/posts\/854","targetHints":{"allow":["GET"]}}],"collection":[{"href":"https:\/\/contexto.inf.br\/index.php?rest_route=\/wp\/v2\/posts"}],"about":[{"href":"https:\/\/contexto.inf.br\/index.php?rest_route=\/wp\/v2\/types\/post"}],"author":[{"embeddable":true,"href":"https:\/\/contexto.inf.br\/index.php?rest_route=\/wp\/v2\/users\/2"}],"replies":[{"embeddable":true,"href":"https:\/\/contexto.inf.br\/index.php?rest_route=%2Fwp%2Fv2%2Fcomments&post=854"}],"version-history":[{"count":1,"href":"https:\/\/contexto.inf.br\/index.php?rest_route=\/wp\/v2\/posts\/854\/revisions"}],"predecessor-version":[{"id":856,"href":"https:\/\/contexto.inf.br\/index.php?rest_route=\/wp\/v2\/posts\/854\/revisions\/856"}],"wp:featuredmedia":[{"embeddable":true,"href":"https:\/\/contexto.inf.br\/index.php?rest_route=\/wp\/v2\/media\/855"}],"wp:attachment":[{"href":"https:\/\/contexto.inf.br\/index.php?rest_route=%2Fwp%2Fv2%2Fmedia&parent=854"}],"wp:term":[{"taxonomy":"category","embeddable":true,"href":"https:\/\/contexto.inf.br\/index.php?rest_route=%2Fwp%2Fv2%2Fcategories&post=854"},{"taxonomy":"post_tag","embeddable":true,"href":"https:\/\/contexto.inf.br\/index.php?rest_route=%2Fwp%2Fv2%2Ftags&post=854"}],"curies":[{"name":"wp","href":"https:\/\/api.w.org\/{rel}","templated":true}]}}