{"id":902,"date":"2024-07-17T21:03:20","date_gmt":"2024-07-18T00:03:20","guid":{"rendered":"https:\/\/contexto.inf.br\/?p=902"},"modified":"2024-07-17T21:03:21","modified_gmt":"2024-07-18T00:03:21","slug":"vereadora-profa-ana-lucia-e-pre-candidata-em-maringa-veja-os-detalhes-na-entrevista","status":"publish","type":"post","link":"https:\/\/contexto.inf.br\/?p=902","title":{"rendered":"Vereadora Prof\u00aa Ana L\u00facia \u00e9 Pr\u00e9-candidata em Maring\u00e1! Veja os detalhes na Entrevista"},"content":{"rendered":"<div class=\"wp-block-image\">\n<figure class=\"alignleft size-full is-resized\"><img loading=\"lazy\" decoding=\"async\" width=\"493\" height=\"277\" src=\"https:\/\/contexto.inf.br\/wp-content\/uploads\/2024\/07\/image-268.png\" alt=\"\" class=\"wp-image-903\" style=\"width:337px;height:auto\" srcset=\"https:\/\/contexto.inf.br\/wp-content\/uploads\/2024\/07\/image-268.png 493w, https:\/\/contexto.inf.br\/wp-content\/uploads\/2024\/07\/image-268-300x169.png 300w\" sizes=\"auto, (max-width: 493px) 100vw, 493px\" \/><\/figure>\n<\/div>\n\n\n<p>25 de mar. de 2023 &#8211; Nesta entrevista especial a Prof\u00aa Ana L\u00facia, vereadora em Maring\u00e1 fala com Stallone Ribeiro (@profsta) sobre o semin\u00e1rio onde se debateu a Lei P\u00e9tala que aborda a cannabis medicinal em Maring\u00e1 que acontedeu nesta 6\u00aafeira 24\/3\/23.<\/p>\n\n\n\n<p id=\"viewer-5oo9u\">Tamb\u00e9m falamos em seu gabinete sobre sua jornada como Vereadora com destaque a seus projetos como proibi\u00e7\u00e3o de novos po\u00e7os artesiano nas margens do parque do Ing\u00e1 para manter a \u00e1rea ambiental sustent\u00e1vel e com lago real, uma vez que a densa verticaliza\u00e7\u00e3o com centenas de condom\u00ednios tem contribuido com a drenagem dos aqu\u00edferos at\u00e9 180 metros de profundidade e assim reduzido o n\u00edvel do lago e estendendo o risco dele secar se n\u00e3o houver efetiva prote\u00e7\u00e3o.<\/p>\n\n\n\n<p id=\"viewer-ndqa\">Falamos tamb\u00e9m do debate sobre fia\u00e7\u00e3o subterr\u00e2nea das linhas de energia e telefonia para Maring\u00e1. Tal medida se aprovada vai &#8220;limpar&#8221; a paisagem e reduzir o risco de acidentes com fios soltos inclusive a polui\u00e7\u00e3o visual.<\/p>\n\n\n\n<p id=\"viewer-8lkip\">Esta decis\u00e3o tem um custo maior de implanta\u00e7\u00e3o, por\u00e9m os custos com manuten\u00e7\u00e3o s\u00e3o compensat\u00f3rios e muito menores, uma vez que acidentes como quebra de postes ou quedas de \u00e1rvores n\u00e3o v\u00e3o afetar a rede el\u00e9trica ou de comunica\u00e7\u00f5es.<\/p>\n\n\n\n<p id=\"viewer-8ksu\">A vereadora Prof\u00aa Ana L\u00facia (PDT Maring\u00e1) lembra que h\u00e1 muitos quil\u00f4metros de fios abandonados por antigas e at\u00e9 extintas empresas de telefonia. Outra pauta destacada pela professora Ana, vereadora em Maring\u00e1 foi sua posse agora em Mar\u00e7o\/2023 como Vice-Presidente do PDT no Paran\u00e1. Afirma que \u00e9 a efetiva\u00e7\u00e3o do slogan defendido &#8220;Mais Mulheres no Poder!&#8221;<\/p>\n\n\n\n<p id=\"viewer-dtb8q\">Tamb\u00e9m falamos sobre os rascunhos eleitorais \u00e0s Elei\u00e7\u00f5es Municipais de 2024, em especial a Maring\u00e1. Perguntei se a Vereadora Prof\u00aa Ana L\u00facia \u00e9 pr\u00e9-candidata a reelei\u00e7\u00e3o parlamentar, vice-prefeita ou prefeita, a resposta foi forte e direta:<\/p>\n\n\n\n<p class=\"has-text-align-center\" id=\"viewer-clpq5\"><strong>&#8220;SIM, SOU PR\u00c9-CANDIDATA!&#8221;<\/strong><\/p>\n\n\n\n<p id=\"viewer-4h3a0\">Ana L\u00facia corrobora que entrou na pol\u00edtica pra ficar e \u00e9 sim pr\u00e9-candidata, por\u00e9m ainda n\u00e3o pode definir a qual cargo, pois se for \u00e0 reelei\u00e7\u00e3o parlamentar, prefeita ou vice, a decis\u00e3o vir\u00e1 de uma constru\u00e7\u00e3o coletiva que o di\u00e1logo democr\u00e1tico j\u00e1 est\u00e1 construindo.<\/p>\n\n\n\n<p id=\"viewer-f7cg7\">A CiaFm, o Bisbi Not\u00edcias e o T\u00e1 por Dentro desejam boa sorte a vereadora prof\u00aa Ana L\u00facia, que a Democracia se fortale\u00e7a e que Maring\u00e1 tenha um debate respeitoso, propositivo e que traga maior desenvolvimento e qualidade de vida aos maringaenses.<\/p>\n\n\n\n<p id=\"viewer-8mj9n\">A seguir, assista o v\u00eddeo especial da <a href=\"http:\/\/ciafm959.com\/\" target=\"_blank\" rel=\"noreferrer noopener\"><u>CiaFm<\/u><\/a> onde Stallone Ribeiro entrevista a Vereadora em Maring\u00e1 Prof\u00aa Ana L\u00facia.<\/p>\n\n\n\n<p class=\"has-text-align-center\"><strong><span style=\"text-decoration: underline;\"><a href=\"http:\/\/conbtexto.inf.br\">@profsta #profsta @contexto.inf<\/a><\/span><\/strong><\/p>\n\n\n\n<figure class=\"wp-block-embed aligncenter is-type-video is-provider-youtube wp-block-embed-youtube wp-embed-aspect-16-9 wp-has-aspect-ratio\"><div class=\"wp-block-embed__wrapper\">\n<iframe loading=\"lazy\" title=\"Entrevista: Prof\u00aa Ana L\u00facia, Vereadora Maring\u00e1\" width=\"500\" height=\"281\" src=\"https:\/\/www.youtube.com\/embed\/HUlS65_2yds?feature=oembed\" frameborder=\"0\" allow=\"accelerometer; autoplay; clipboard-write; encrypted-media; gyroscope; picture-in-picture; web-share\" referrerpolicy=\"strict-origin-when-cross-origin\" allowfullscreen><\/iframe>\n<\/div><\/figure>\n","protected":false},"excerpt":{"rendered":"<div class=\"mh-excerpt\"><p> <a class=\"mh-excerpt-more\" href=\"https:\/\/contexto.inf.br\/?p=902\" title=\"Vereadora Prof\u00aa Ana L\u00facia \u00e9 Pr\u00e9-candidata em Maring\u00e1! Veja os detalhes na Entrevista\"><\/a><\/p>\n<\/div>","protected":false},"author":2,"featured_media":903,"comment_status":"open","ping_status":"open","sticky":false,"template":"","format":"standard","meta":{"footnotes":""},"categories":[6,34,13,30,3,5,26,31,32],"tags":[],"class_list":{"0":"post-902","1":"post","2":"type-post","3":"status-publish","4":"format-standard","5":"has-post-thumbnail","7":"category-direitos-sociais","8":"category-diversidade","9":"category-entrevista","10":"category-mulheres","11":"category-parana","12":"category-politica","13":"category-promocao-social","14":"category-_destaque","15":"category-_em-foco"},"_links":{"self":[{"href":"https:\/\/contexto.inf.br\/index.php?rest_route=\/wp\/v2\/posts\/902","targetHints":{"allow":["GET"]}}],"collection":[{"href":"https:\/\/contexto.inf.br\/index.php?rest_route=\/wp\/v2\/posts"}],"about":[{"href":"https:\/\/contexto.inf.br\/index.php?rest_route=\/wp\/v2\/types\/post"}],"author":[{"embeddable":true,"href":"https:\/\/contexto.inf.br\/index.php?rest_route=\/wp\/v2\/users\/2"}],"replies":[{"embeddable":true,"href":"https:\/\/contexto.inf.br\/index.php?rest_route=%2Fwp%2Fv2%2Fcomments&post=902"}],"version-history":[{"count":1,"href":"https:\/\/contexto.inf.br\/index.php?rest_route=\/wp\/v2\/posts\/902\/revisions"}],"predecessor-version":[{"id":904,"href":"https:\/\/contexto.inf.br\/index.php?rest_route=\/wp\/v2\/posts\/902\/revisions\/904"}],"wp:featuredmedia":[{"embeddable":true,"href":"https:\/\/contexto.inf.br\/index.php?rest_route=\/wp\/v2\/media\/903"}],"wp:attachment":[{"href":"https:\/\/contexto.inf.br\/index.php?rest_route=%2Fwp%2Fv2%2Fmedia&parent=902"}],"wp:term":[{"taxonomy":"category","embeddable":true,"href":"https:\/\/contexto.inf.br\/index.php?rest_route=%2Fwp%2Fv2%2Fcategories&post=902"},{"taxonomy":"post_tag","embeddable":true,"href":"https:\/\/contexto.inf.br\/index.php?rest_route=%2Fwp%2Fv2%2Ftags&post=902"}],"curies":[{"name":"wp","href":"https:\/\/api.w.org\/{rel}","templated":true}]}}