{"id":908,"date":"2024-07-17T21:14:15","date_gmt":"2024-07-18T00:14:15","guid":{"rendered":"https:\/\/contexto.inf.br\/?p=908"},"modified":"2024-07-17T21:14:16","modified_gmt":"2024-07-18T00:14:16","slug":"atentados-a-escolas-e-terrorismo-brasil-tem-23-atos-desde-2002-educacao-precisa-de-humanismo","status":"publish","type":"post","link":"https:\/\/contexto.inf.br\/?p=908","title":{"rendered":"Atentados a Escolas \u00e9 Terrorismo. Brasil tem 23 Atos desde 2002. Educa\u00e7\u00e3o precisa de Humanismo"},"content":{"rendered":"<div class=\"wp-block-image\">\n<figure class=\"alignleft size-full is-resized\"><img loading=\"lazy\" decoding=\"async\" width=\"493\" height=\"242\" src=\"https:\/\/contexto.inf.br\/wp-content\/uploads\/2024\/07\/image-270.png\" alt=\"\" class=\"wp-image-909\" style=\"width:339px;height:auto\" srcset=\"https:\/\/contexto.inf.br\/wp-content\/uploads\/2024\/07\/image-270.png 493w, https:\/\/contexto.inf.br\/wp-content\/uploads\/2024\/07\/image-270-300x147.png 300w\" sizes=\"auto, (max-width: 493px) 100vw, 493px\" \/><\/figure>\n<\/div>\n\n\n<p>28 de mar. de 2023 &#8211; Uma pesquisa feita pela Universidade Estadual de Campinas (Unicamp) contabilizou 23 registros de ataques com viol\u00eancia extrema em escolas no Brasil nos \u00faltimos 20 anos.<\/p>\n\n\n\n<p id=\"viewer-7k2l5\">Entre 2002 e 2023, 24 estudantes morreram, al\u00e9m de quatro professores e dois profissionais de educa\u00e7\u00e3o, como a professora da escola estadual de S\u00e3o Paulo de 71 anos morta a facadas nesta segunda-feira (27\/03) por um aluno.<\/p>\n\n\n\n<p id=\"viewer-9ate7\">Para a pesquisadora Telma Vinha, da Faculdade de Educa\u00e7\u00e3o e Coordenadora do Grupo &#8220;\u00c9tica, Diversidade e Democracia na Escola P\u00fablica&#8221; do Instituto de Estudos Avan\u00e7ados da Unicamp, os ataques podem ser evitados se houver um trabalho que acompanhe alunos e o comportamento deles n\u00e3o s\u00f3 na escola, mas tamb\u00e9m no seu dia a dia.<\/p>\n\n\n\n<p id=\"viewer-3rqk5\">&#8220;Muitos claramente colocam na internet que v\u00e3o atacar a escola. Sabemos que vai acontecer de novo, s\u00f3 n\u00e3o sabemos quando. Quando voc\u00ea atinge uma escola, voc\u00ea atinge uma comunidade. A escola faz parte da identidade das pessoas&#8221;, afirma.<\/p>\n\n\n\n<p id=\"viewer-mof8\">O que tamb\u00e9m tem chamado a aten\u00e7\u00e3o dos pesquisadores \u00e9 que os ataques t\u00eam aumentado em n\u00fameros do ano passado para c\u00e1. Foram sete no 2\u00b0 semestre de 2022 e dois este ano: um deles na capital e  outro em Monte Mor, no interior paulista. &#8220;Isso \u00e9 muito s\u00e9rio. O crescimento \u00e9 exponencial&#8221;, afirma a professora Telma Vinha Viol\u00eancia dentro de escolas.<\/p>\n\n\n\n<p id=\"viewer-dvl4p\"><strong>Instituto de Estudos Avan\u00e7ados da Unicamp<\/strong>  Ataques (2002-2023):<\/p>\n\n\n\n<ul class=\"wp-block-list\">\n<li>* Escolas estaduais: 12<\/li>\n\n\n\n<li>* Escolas municipais: 7<\/li>\n\n\n\n<li>* Escolas particulares: 4<\/li>\n\n\n\n<li>V\u00edtimas fatais (2002- 2023):<\/li>\n\n\n\n<li>* Estudantes: 24<\/li>\n\n\n\n<li>* Professores: 4<\/li>\n\n\n\n<li>* Profissionais de educa\u00e7\u00e3o: 2<\/li>\n\n\n\n<li>Motiva\u00e7\u00e3o:<\/li>\n\n\n\n<li>* Vingan\u00e7a, raiva<\/li>\n\n\n\n<li>* Usu\u00e1rios de cultura extremista<\/li>\n\n\n\n<li>\u00c9 urgente pensar em Educa\u00e7\u00e3o como reflexo social real, um pa\u00eds com altos \u00edndices de viol\u00eancias carrega este clima para dentro das escolas.<\/li>\n<\/ul>\n\n\n\n<p id=\"viewer-1fmm3\">Outro fator decisivo \u00e9 a tecnifica\u00e7\u00e3o e automa\u00e7\u00e3o do Ensino com uso de plataformas que contribuem com a did\u00e1tica, por\u00e9m quando obrigat\u00f3rias afastam os estudantes da rela\u00e7\u00e3o amistosa com professores e a frieza do estranho contribui \u00e0 insensatez da viol\u00eancia, afinal, s\u00e3o estranhos, distantes e n\u00e3o h\u00e1 empatia.<\/p>\n\n\n\n<p id=\"viewer-al05a\">A Sa\u00fade Mental tamb\u00e9m \u00e9 caso s\u00e9rio dentro das escolas. Professores desvalorizados e com alta carga hor\u00e1ria dentro de salas (muitos Estados e munic\u00edpios n\u00e3o cumprem a lei da hora atividade = 1\/3 da jornada fora da sala no planejamento e 2\/3 em sala com estudantes) acabam por sobrecarregar suas rotinas e resta pouco tempo para observar e registrar tais suspeitas.<\/p>\n\n\n\n<p id=\"viewer-77lji\">Muitos alunos tamb\u00e9m t\u00eam sintomas psic\u00f3ticos, com o alto custo das consultas privadas e longas filas no sistema p\u00fablico, h\u00e1 um grande abismo entre os diagn\u00f3sticos e uma multid\u00e3o de jovens adoecendo.<\/p>\n\n\n\n<p id=\"viewer-2evuc\">Al\u00e9m da preven\u00e7\u00e3o com sistemas de c\u00e2meras, vigil\u00e2ncia e acompanhamentos psicopedag\u00f3gicos, \u00e9 urgente desenvolver uma educa\u00e7\u00e3o humanizadora, solid\u00e1ria, emp\u00e1tica que valorize as rela\u00e7\u00f5es humanas com desenvolvimento intelectual, n\u00e3o apenas m\u00e9tricas, n\u00fameros e gr\u00e1ficos.<\/p>\n\n\n\n<p class=\"has-text-align-center\" id=\"viewer-62sqh\"><strong>Educa\u00e7\u00e3o \u00e9 Constru\u00e7\u00e3o Social Humana!<\/strong><\/p>\n\n\n\n<p class=\"has-text-align-center\"><strong><span style=\"text-decoration: underline;\"><a href=\"http:\/\/contezxto.inf.br\">@profsta @profsta @contexto.inf<\/a><\/span><\/strong><\/p>\n","protected":false},"excerpt":{"rendered":"<div class=\"mh-excerpt\"><p> <a class=\"mh-excerpt-more\" href=\"https:\/\/contexto.inf.br\/?p=908\" title=\"Atentados a Escolas \u00e9 Terrorismo. Brasil tem 23 Atos desde 2002. Educa\u00e7\u00e3o precisa de Humanismo\"><\/a><\/p>\n<\/div>","protected":false},"author":2,"featured_media":909,"comment_status":"open","ping_status":"open","sticky":false,"template":"","format":"standard","meta":{"footnotes":""},"categories":[10,6,8,19,15,5,26,17,31,32],"tags":[],"class_list":{"0":"post-908","1":"post","2":"type-post","3":"status-publish","4":"format-standard","5":"has-post-thumbnail","7":"category-cultura","8":"category-direitos-sociais","9":"category-educacao","10":"category-internacional","11":"category-justica","12":"category-politica","13":"category-promocao-social","14":"category-seguranca","15":"category-_destaque","16":"category-_em-foco"},"_links":{"self":[{"href":"https:\/\/contexto.inf.br\/index.php?rest_route=\/wp\/v2\/posts\/908","targetHints":{"allow":["GET"]}}],"collection":[{"href":"https:\/\/contexto.inf.br\/index.php?rest_route=\/wp\/v2\/posts"}],"about":[{"href":"https:\/\/contexto.inf.br\/index.php?rest_route=\/wp\/v2\/types\/post"}],"author":[{"embeddable":true,"href":"https:\/\/contexto.inf.br\/index.php?rest_route=\/wp\/v2\/users\/2"}],"replies":[{"embeddable":true,"href":"https:\/\/contexto.inf.br\/index.php?rest_route=%2Fwp%2Fv2%2Fcomments&post=908"}],"version-history":[{"count":1,"href":"https:\/\/contexto.inf.br\/index.php?rest_route=\/wp\/v2\/posts\/908\/revisions"}],"predecessor-version":[{"id":910,"href":"https:\/\/contexto.inf.br\/index.php?rest_route=\/wp\/v2\/posts\/908\/revisions\/910"}],"wp:featuredmedia":[{"embeddable":true,"href":"https:\/\/contexto.inf.br\/index.php?rest_route=\/wp\/v2\/media\/909"}],"wp:attachment":[{"href":"https:\/\/contexto.inf.br\/index.php?rest_route=%2Fwp%2Fv2%2Fmedia&parent=908"}],"wp:term":[{"taxonomy":"category","embeddable":true,"href":"https:\/\/contexto.inf.br\/index.php?rest_route=%2Fwp%2Fv2%2Fcategories&post=908"},{"taxonomy":"post_tag","embeddable":true,"href":"https:\/\/contexto.inf.br\/index.php?rest_route=%2Fwp%2Fv2%2Ftags&post=908"}],"curies":[{"name":"wp","href":"https:\/\/api.w.org\/{rel}","templated":true}]}}