{"id":957,"date":"2024-07-19T12:41:47","date_gmt":"2024-07-19T15:41:47","guid":{"rendered":"https:\/\/contexto.inf.br\/?p=957"},"modified":"2024-07-19T12:41:48","modified_gmt":"2024-07-19T15:41:48","slug":"camara-de-cianorte-acata-denuncia-que-pode-cassar-vereador-edvaldo","status":"publish","type":"post","link":"https:\/\/contexto.inf.br\/?p=957","title":{"rendered":"C\u00e2mara de Cianorte Acata Den\u00fancia que pode Cassar Vereador Edvaldo"},"content":{"rendered":"<div class=\"wp-block-image\">\n<figure class=\"alignleft size-full is-resized\"><img loading=\"lazy\" decoding=\"async\" width=\"493\" height=\"329\" src=\"https:\/\/contexto.inf.br\/wp-content\/uploads\/2024\/07\/image-286.png\" alt=\"\" class=\"wp-image-958\" style=\"width:338px;height:auto\" srcset=\"https:\/\/contexto.inf.br\/wp-content\/uploads\/2024\/07\/image-286.png 493w, https:\/\/contexto.inf.br\/wp-content\/uploads\/2024\/07\/image-286-300x200.png 300w\" sizes=\"auto, (max-width: 493px) 100vw, 493px\" \/><\/figure>\n<\/div>\n\n\n<p>29 de mai. de 2023 &#8211; Ap\u00f3s texto &#8220;<a href=\"https:\/\/www.bisbinoticias.com.br\/post\/pedido-de-cassa%C3%A7%C3%A3o-balan%C3%A7a-democracia-cianortense\" target=\"_blank\" rel=\"noreferrer noopener\"><strong><u>Pol\u00edtico Cianortense \u00e9 Condenado: Procedimento Irregular no Medidor de Energia Copel em sua Empresa<\/u><\/strong><\/a>&#8221; divulgado na tarde desta 2feira 29\/5 com den\u00fancia de quebra de decoro parlamentar atrav\u00e9s Carlos Dest\u00e9fano, presidente do PV em Cianorte, aliado do prefeito Marco Franzato e comissionado no Cicenop pedir Cassa\u00e7\u00e3o do Vereador Edvaldo Est\u00e2ncia Luana por quebra de decoro devido a furto de energia e invas\u00e3o da UPA com desrespeito a servidores p\u00fablicos a C\u00e2mara Legislativa em sess\u00e3o ordin\u00e1ria aprovou abertura da Comiss\u00e3o Processante para Averiguar os fatos.<\/p>\n\n\n\n<p id=\"viewer-81s9t\">Foram 8 aceites e 2 absten\u00e7\u00f5es (vereador Edvaldo e vereador Wilson). Ap\u00f3s sorteio, a Comiss\u00e3o Processante tem a vereadora Neuza Casassa como presidente, vereador Afonso Lima como relator e vereador Wilson Pedr\u00e3o membro.<\/p>\n\n\n\n<p id=\"viewer-1llcb\">Mais cap\u00edtulos deste processo \u00e9 aqui no contexto.inf.br e na Revista CiaFm todo s\u00e1bado 12h na CiaFm (95,9fm)!<\/p>\n\n\n\n<p class=\"has-text-align-center\"><strong><span style=\"text-decoration: underline;\"><a href=\"http:\/\/contexto.inf.br\">@profsta #profsta @contexto.inf<\/a><\/span><\/strong><\/p>\n","protected":false},"excerpt":{"rendered":"<div class=\"mh-excerpt\"><p> <a class=\"mh-excerpt-more\" href=\"https:\/\/contexto.inf.br\/?p=957\" title=\"C\u00e2mara de Cianorte Acata Den\u00fancia que pode Cassar Vereador Edvaldo\"><\/a><\/p>\n<\/div>","protected":false},"author":2,"featured_media":958,"comment_status":"open","ping_status":"open","sticky":false,"template":"","format":"standard","meta":{"footnotes":""},"categories":[2,6,34,15,5,31,32],"tags":[],"class_list":{"0":"post-957","1":"post","2":"type-post","3":"status-publish","4":"format-standard","5":"has-post-thumbnail","7":"category-cianorte","8":"category-direitos-sociais","9":"category-diversidade","10":"category-justica","11":"category-politica","12":"category-_destaque","13":"category-_em-foco"},"_links":{"self":[{"href":"https:\/\/contexto.inf.br\/index.php?rest_route=\/wp\/v2\/posts\/957","targetHints":{"allow":["GET"]}}],"collection":[{"href":"https:\/\/contexto.inf.br\/index.php?rest_route=\/wp\/v2\/posts"}],"about":[{"href":"https:\/\/contexto.inf.br\/index.php?rest_route=\/wp\/v2\/types\/post"}],"author":[{"embeddable":true,"href":"https:\/\/contexto.inf.br\/index.php?rest_route=\/wp\/v2\/users\/2"}],"replies":[{"embeddable":true,"href":"https:\/\/contexto.inf.br\/index.php?rest_route=%2Fwp%2Fv2%2Fcomments&post=957"}],"version-history":[{"count":1,"href":"https:\/\/contexto.inf.br\/index.php?rest_route=\/wp\/v2\/posts\/957\/revisions"}],"predecessor-version":[{"id":959,"href":"https:\/\/contexto.inf.br\/index.php?rest_route=\/wp\/v2\/posts\/957\/revisions\/959"}],"wp:featuredmedia":[{"embeddable":true,"href":"https:\/\/contexto.inf.br\/index.php?rest_route=\/wp\/v2\/media\/958"}],"wp:attachment":[{"href":"https:\/\/contexto.inf.br\/index.php?rest_route=%2Fwp%2Fv2%2Fmedia&parent=957"}],"wp:term":[{"taxonomy":"category","embeddable":true,"href":"https:\/\/contexto.inf.br\/index.php?rest_route=%2Fwp%2Fv2%2Fcategories&post=957"},{"taxonomy":"post_tag","embeddable":true,"href":"https:\/\/contexto.inf.br\/index.php?rest_route=%2Fwp%2Fv2%2Ftags&post=957"}],"curies":[{"name":"wp","href":"https:\/\/api.w.org\/{rel}","templated":true}]}}